{"id":115672,"date":"2025-10-18T09:09:11","date_gmt":"2025-10-18T09:09:11","guid":{"rendered":"https:\/\/www.europesays.com\/pt\/115672\/"},"modified":"2025-10-18T09:09:11","modified_gmt":"2025-10-18T09:09:11","slug":"afonso-leitao-e-catarina-miranda-vivem-a-segunda-lua-de-mel-em-destino-europeu-de-sonho-e-ha-fotos-secret-story","status":"publish","type":"post","link":"https:\/\/www.europesays.com\/pt\/115672\/","title":{"rendered":"Afonso Leit\u00e3o e Catarina Miranda vivem a segunda &#8220;lua-de-mel&#8221; em destino europeu de sonho &#8211; e h\u00e1 fotos &#8211; Secret Story"},"content":{"rendered":"<p>\n                    Afonso Leit\u00e3o e Catarina Miranda est\u00e3o a viver a segunda lua-de-mel. Veja as fotos da &#8216;escapadinha&#8217; do casal do momento.\n                <\/p>\n<p>Desde que sa\u00edram do<strong> Big Brother Ver\u00e3o, Afonso Leit\u00e3o e <a href=\"https:\/\/tvi.iol.pt\/secretstory\/catarina-miranda\/novo-projeto\/catarina-miranda-descarta-a-televisao-a-finalista-do-big-brother-tem-nova-aposta\" rel=\"nofollow noopener\" target=\"_blank\">Catarina Miranda t\u00eam sido insepar\u00e1veis.<\/a> <\/strong>Os ex-concorrentes assumiram recentemente uma rela\u00e7\u00e3o amorosa e, agora, <a href=\"https:\/\/tvi.iol.pt\/secretstory\/afonso-leitao\/catarina-miranda\/catarina-miranda-manda-farpa-a-rita-e-marcelo-sobre-afastamento-de-afonso-leitao\" rel=\"nofollow noopener\" target=\"_blank\">vivem uma lua-de-mel em pleno com v\u00e1rias viagens muito especiais.<\/a><\/p>\n<p>Depois de terem visitado <strong>Punta Cana, Rep\u00fablica Dominicana<\/strong>, os CaLe<a href=\"https:\/\/tvi.iol.pt\/secretstory\/videos\/apos-assumirem-namoro-em-direto-catarina-miranda-partilha-gestos-ternurentos-com-o-namorado\/68e57b890cf29d28d828cc58\" rel=\"nofollow noopener\" target=\"_blank\"> decidiram fazer mais uma viagem<\/a>, desta vez dentro da Europa. Esta sexta-feira, 17 de outubro, os dois partilharam registos fotogr\u00e1ficos no<strong> Lago de Como, na Lombardia, It\u00e1lia.\u00a0<\/strong><\/p>\n<p><strong>Percorra a nossa galeria e veja as fotos partilhadas pelo casalinho<\/strong><\/p>\n","protected":false},"excerpt":{"rendered":"Afonso Leit\u00e3o e Catarina Miranda est\u00e3o a viver a segunda lua-de-mel. Veja as fotos da &#8216;escapadinha&#8217; do casal&hellip;\n","protected":false},"author":2,"featured_media":115673,"comment_status":"","ping_status":"","sticky":false,"template":"","format":"standard","meta":{"footnotes":""},"categories":[142],"tags":[2031,342,114,115,18672,18673,18674,32,33,151],"class_list":{"0":"post-115672","1":"post","2":"type-post","3":"status-publish","4":"format-standard","5":"has-post-thumbnail","7":"category-tv","8":"tag-afonso-leitao","9":"tag-catarina-miranda","10":"tag-entertainment","11":"tag-entretenimento","12":"tag-fotos-oficiais-secret-story","13":"tag-galerias-casa-dos-segredos","14":"tag-imagens-concorrentes-tvi","15":"tag-portugal","16":"tag-pt","17":"tag-tv"},"share_on_mastodon":{"url":"","error":""},"_links":{"self":[{"href":"https:\/\/www.europesays.com\/pt\/wp-json\/wp\/v2\/posts\/115672","targetHints":{"allow":["GET"]}}],"collection":[{"href":"https:\/\/www.europesays.com\/pt\/wp-json\/wp\/v2\/posts"}],"about":[{"href":"https:\/\/www.europesays.com\/pt\/wp-json\/wp\/v2\/types\/post"}],"author":[{"embeddable":true,"href":"https:\/\/www.europesays.com\/pt\/wp-json\/wp\/v2\/users\/2"}],"replies":[{"embeddable":true,"href":"https:\/\/www.europesays.com\/pt\/wp-json\/wp\/v2\/comments?post=115672"}],"version-history":[{"count":0,"href":"https:\/\/www.europesays.com\/pt\/wp-json\/wp\/v2\/posts\/115672\/revisions"}],"wp:featuredmedia":[{"embeddable":true,"href":"https:\/\/www.europesays.com\/pt\/wp-json\/wp\/v2\/media\/115673"}],"wp:attachment":[{"href":"https:\/\/www.europesays.com\/pt\/wp-json\/wp\/v2\/media?parent=115672"}],"wp:term":[{"taxonomy":"category","embeddable":true,"href":"https:\/\/www.europesays.com\/pt\/wp-json\/wp\/v2\/categories?post=115672"},{"taxonomy":"post_tag","embeddable":true,"href":"https:\/\/www.europesays.com\/pt\/wp-json\/wp\/v2\/tags?post=115672"}],"curies":[{"name":"wp","href":"https:\/\/api.w.org\/{rel}","templated":true}]}}