{"id":115674,"date":"2025-10-18T09:12:17","date_gmt":"2025-10-18T09:12:17","guid":{"rendered":"https:\/\/www.europesays.com\/pt\/115674\/"},"modified":"2025-10-18T09:12:17","modified_gmt":"2025-10-18T09:12:17","slug":"fifa-portugal-mantem-quinto-lugar-no-ranking-das-melhores-selecoes","status":"publish","type":"post","link":"https:\/\/www.europesays.com\/pt\/115674\/","title":{"rendered":"FIFA. Portugal mant\u00e9m quinto lugar no ranking das melhores sele\u00e7\u00f5es"},"content":{"rendered":"<p>&#13;<br \/>\nO quinto lugar \u00e9 mantido apesar dos pontos negativos averbados depois do triunfo pela margem m\u00ednima frente \u00e0 Irlanda (1-0) e o empate a dois golos com a Hungria.&#13;\n<\/p>\n<p>&#13;<br \/>\n\u00c0 frente da sele\u00e7\u00e3o portuguesa est\u00e3o a Espanha, atual l\u00edder do ranking da FIFA, a Argentina, atual campe\u00e3 do mundo, a Fran\u00e7a, que completa o p\u00f3dio, e a Inglaterra que ocupa o quarto lugar da lista.&#13;\n<\/p>\n<p>&#13;<br \/>\nCabo Verde, que alcan\u00e7ou na \u00faltima segunda-feira um apuramento hist\u00f3rico para o Mundial de futebol, perdeu um lugar no ranking, ocupando o lugar 71. \u00c9 o pa\u00eds dos PALOP com melhor classifica\u00e7\u00e3o.&#13;\n<\/p>\n<p>&#13;<br \/>\nPortugal volta a entrar em campo no pr\u00f3ximo m\u00eas de novembro, em duas partidas que v\u00e3o fechar a fase de qualifica\u00e7\u00e3o para o Mundial 2026, no Canad\u00e1, Est\u00e1dos Unidos e M\u00e9xico.&#13;\n<\/p>\n<p>&#13;<br \/>\nA 13 de novembro Portugal ir\u00e1 a Dublin defrontar a Irlanda e ir\u00e1 fechar a qualifica\u00e7\u00e3o frente \u00e0 Arm\u00e9nia, tr\u00eas dias depois, no Est\u00e1dio do Drag\u00e3o. A sele\u00e7\u00e3o falhou o objetivo de garantir j\u00e1 o apuramento para o campeonato do mundo, depois de se deixar empatar com a Hungria.&#13;\n<\/p>\n<p>&#13;<br \/>\nNo entanto, a s\u00e9tima participa\u00e7\u00e3o consecutiva em Mundiais est\u00e1 bem encaminhada para a equipa das quinas, que tem dez pontos em quatro jogos.&#13;\n<\/p>\n<p>&#13;<br \/>\nRanking da FIFA (17 de outubro)1. (1) Espanha, 1880,76 pontos.<\/p>\n<p>2. (3) Argentina, 1872,43.<\/p>\n<p>3. (2) Fran\u00e7a, 1862,71.<\/p>\n<p>4. (4) Inglaterra, 1823,3.<\/p>\n<p><b>5. (5) PORTUGAL, 1778.<\/b><\/p>\n<p>6. (7) Pa\u00edses Baixos, 1759,96.<\/p>\n<p>7. (6) Brasil, 1758,85.<\/p>\n<p>8. (8) B\u00e9lgica, 1740,01.<\/p>\n<p>9. (10) It\u00e1lia, 1717,15.<\/p>\n<p>10. (12) Alemanha, 1713,3.<\/p>\n<p>(&#8230;)<\/p>\n<p>71. (70) Cabo Verde, 1364,26.<\/p>\n<p>89. (89) Angola, 1267,45.<\/p>\n<p>101. (97) Mo\u00e7ambique, 1227,53.<\/p>\n<p>132. (130) Guin\u00e9-Bissau, 1108,09.<\/p>\n<p>192. (191) Macau, 865,29.<\/p>\n<p>191. (195) S\u00e3o Tom\u00e9 e Pr\u00edncipe, 871,63.<\/p>\n<p>&#13;<br \/>\n197. (194) Timor-Leste, 840,27.&#13;\n<\/p>\n<p>&#13;<br \/>\n(c\/ Lusa)&#13;<\/p>\n","protected":false},"excerpt":{"rendered":"&#13; O quinto lugar \u00e9 mantido apesar dos pontos negativos averbados depois do triunfo pela margem m\u00ednima frente&hellip;\n","protected":false},"author":2,"featured_media":115675,"comment_status":"","ping_status":"","sticky":false,"template":"","format":"standard","meta":{"footnotes":""},"categories":[87],"tags":[2424,135,640,2698,208,665,6027,32,33,4564,4338,134],"class_list":{"0":"post-115674","1":"post","2":"type-post","3":"status-publish","4":"format-standard","5":"has-post-thumbnail","7":"category-desporto","8":"tag-argentina","9":"tag-desporto","10":"tag-espanha","11":"tag-fifa","12":"tag-franca","13":"tag-inglaterra","14":"tag-mundial","15":"tag-portugal","16":"tag-pt","17":"tag-ranking","18":"tag-selecao","19":"tag-sports"},"share_on_mastodon":{"url":"","error":""},"_links":{"self":[{"href":"https:\/\/www.europesays.com\/pt\/wp-json\/wp\/v2\/posts\/115674","targetHints":{"allow":["GET"]}}],"collection":[{"href":"https:\/\/www.europesays.com\/pt\/wp-json\/wp\/v2\/posts"}],"about":[{"href":"https:\/\/www.europesays.com\/pt\/wp-json\/wp\/v2\/types\/post"}],"author":[{"embeddable":true,"href":"https:\/\/www.europesays.com\/pt\/wp-json\/wp\/v2\/users\/2"}],"replies":[{"embeddable":true,"href":"https:\/\/www.europesays.com\/pt\/wp-json\/wp\/v2\/comments?post=115674"}],"version-history":[{"count":0,"href":"https:\/\/www.europesays.com\/pt\/wp-json\/wp\/v2\/posts\/115674\/revisions"}],"wp:featuredmedia":[{"embeddable":true,"href":"https:\/\/www.europesays.com\/pt\/wp-json\/wp\/v2\/media\/115675"}],"wp:attachment":[{"href":"https:\/\/www.europesays.com\/pt\/wp-json\/wp\/v2\/media?parent=115674"}],"wp:term":[{"taxonomy":"category","embeddable":true,"href":"https:\/\/www.europesays.com\/pt\/wp-json\/wp\/v2\/categories?post=115674"},{"taxonomy":"post_tag","embeddable":true,"href":"https:\/\/www.europesays.com\/pt\/wp-json\/wp\/v2\/tags?post=115674"}],"curies":[{"name":"wp","href":"https:\/\/api.w.org\/{rel}","templated":true}]}}