{"id":115692,"date":"2025-10-18T09:38:07","date_gmt":"2025-10-18T09:38:07","guid":{"rendered":"https:\/\/www.europesays.com\/pt\/115692\/"},"modified":"2025-10-18T09:38:07","modified_gmt":"2025-10-18T09:38:07","slug":"gaza-israel-identifica-corpo-de-refem-entregue-pelo-hamas","status":"publish","type":"post","link":"https:\/\/www.europesays.com\/pt\/115692\/","title":{"rendered":"Gaza. Israel identifica corpo de ref\u00e9m entregue pelo Hamas"},"content":{"rendered":"<p>&#13;<br \/>\n<b>As For\u00e7as de Defesa de Israel (IDF) anunciaram que o ref\u00e9m entregue pelo Hamas \u00e9 Eliyahu Margalit, de 75 anos, que foi morto no ataque de 7 de outubro de 2023.<\/b>&#13;\n<\/p>\n<p>De acordo com um comunicado do gabinete do primeiro-ministro israelita, Benjamin Netanyahu, o ex\u00e9rcito &#8220;informou a fam\u00edlia do ref\u00e9m Eliyahu Margalit que (o seu corpo) foi repatriado para Israel e que a sua identifica\u00e7\u00e3o foi conclu\u00edda&#8221;.<\/p>\n<p><b>Israel &#8220;n\u00e3o far\u00e1 concess\u00f5es&#8221; e &#8220;n\u00e3o poupar\u00e1 esfor\u00e7os at\u00e9 ao regresso de todos os ref\u00e9ns mortos, at\u00e9 ao \u00faltimo&#8221;, acrescentou o comunicado.<\/b><\/p>\n<p>O corpo de Eliyahu Margalit foi devolvido pelo Hamas \u00e0 Cruz Vermelha Internacional na noite de sexta-feira. A Cruz Vermelha entregou-o \u00e0s for\u00e7as israelitas dentro da Faixa de Gaza antes de o transferir para o Instituto Nacional de Medicina Legal em Telavive para identifica\u00e7\u00e3o.<\/p>\n<p>&#13;<br \/>\nO ex\u00e9rcito israelita afirmou que os restos mortais foram devolvidos \u00e0 fam\u00edlia.<br \/>&#13;<br \/>\n&#8220;Quest\u00e3o dos corpos \u00e9 complexa e exige tempo&#8221;<br \/>&#13;<br \/>\n<b>Israel continua a exigir a entrega dos restos mortais dos restantes 18 ref\u00e9ns. <\/b>O movimento palestiniano afirmou na sexta-feira que &#8220;respeita o seu compromisso com o acordo de cessar-fogo&#8221; e garantiu que &#8220;continuar\u00e1 a trabalhar para concluir o processo de troca&#8221; de corpos de ref\u00e9ns por corpos palestinianos, reiterando que h\u00e1 restos mortais que est\u00e3o sob os escombros.&#13;\n<\/p>\n<p>&#13;<br \/>\n<b>No entanto, o porta-voz do Hamas, Hazem Qasem, sublinhou que &#8220;a quest\u00e3o dos corpos \u00e9 complexa e exige tempo&#8221;, tendo alguns corpos sido &#8220;enterrados em t\u00faneis&#8221; destru\u00eddos pelo ex\u00e9rcito israelita, &#8220;enquanto outros permanecem sob os escombros de edif\u00edcios bombardeados&#8221;.\u00a0<\/b>Para Israel, o atraso na entrega dos restos mortais \u00e9 uma viola\u00e7\u00e3o do cessar-fogo.<b><br \/>&#13;<br \/>\n<\/b>&#13;\n<\/p>\n<p>\nDe acordo com os termos do acordo de cessar-fogo de Gaza, assinado pelo presidente norte-americano, que entrou em vigor a 10 de outubro, o Hamas deveria libertar todos os ref\u00e9ns, vivos e mortos, que ainda mantinham at\u00e9 \u00e0s 9h00 (GMT) de segunda-feira, 13 de outubro.<\/p>\n<p>&#13;<br \/>\nO movimento isl\u00e2mico-palestiniano libertou os \u00faltimos 20 ref\u00e9ns vivos a tempo, mas, desde segunda-feira, s\u00f3 devolveu dez dos 28 corpos que mantinha em seu poder.&#13;\n<\/p>\n<p>&#13;<br \/>\n<b>Uma equipa de 81 membros da Afad, a ag\u00eancia turca de gest\u00e3o de cat\u00e1strofes, aguarda autoriza\u00e7\u00e3o para entrar no enclave na fronteira de Rafah para ajudar na busca de corpos.\u00a0<br \/>&#13;<br \/>\n<\/b><br \/>&#13;<br \/>\n&#8220;Est\u00e3o prontos para conduzir opera\u00e7\u00f5es de busca e salvamento nas ru\u00ednas&#8221;, disse uma autoridade turca na sexta-feira, especificando que esta miss\u00e3o inclu\u00eda a busca de corpos de v\u00edtimas &#8220;israelitas e palestinianas&#8221;.&#13;\n<\/p>\n<p>&#13;<br \/>\nO acesso a Gaza, totalmente controlado por Israel, continua a ser altamente restrito, apesar das tr\u00e9guas.\u00a0O acordo de cessar-fogo prev\u00ea a reabertura da passagem de Rafah, entre o Egito e o territ\u00f3rio palestiniano, mas essa passagem continua encerrada.&#13;\n<\/p>\n<p>&#13;<br \/>\nIsrael anunciou que dever\u00e1 reabrir a fronteira de Rafah este domingo, sem confirmar se a abertura da passagem ser\u00e1 para pessoas ou ajuda humanit\u00e1ria.&#13;\n<\/p>\n<p>&#13;<br \/>\nc\/ag\u00eancias&#13;<\/p>\n","protected":false},"excerpt":{"rendered":"&#13; As For\u00e7as de Defesa de Israel (IDF) anunciaram que o ref\u00e9m entregue pelo Hamas \u00e9 Eliyahu Margalit,&hellip;\n","protected":false},"author":2,"featured_media":115693,"comment_status":"","ping_status":"","sticky":false,"template":"","format":"standard","meta":{"footnotes":""},"categories":[8],"tags":[27,28,15,16,532,255,14,259,25,26,21,22,12,13,19,20,32,23,24,33,4783,17,18,29,30,31],"class_list":{"0":"post-115692","1":"post","2":"type-post","3":"status-publish","4":"format-standard","5":"has-post-thumbnail","7":"category-principais-noticias","8":"tag-breaking-news","9":"tag-breakingnews","10":"tag-featured-news","11":"tag-featurednews","12":"tag-gaza","13":"tag-hamas","14":"tag-headlines","15":"tag-israel","16":"tag-latest-news","17":"tag-latestnews","18":"tag-main-news","19":"tag-mainnews","20":"tag-news","21":"tag-noticias","22":"tag-noticias-principais","23":"tag-noticiasprincipais","24":"tag-portugal","25":"tag-principais-noticias","26":"tag-principaisnoticias","27":"tag-pt","28":"tag-refens","29":"tag-top-stories","30":"tag-topstories","31":"tag-ultimas","32":"tag-ultimas-noticias","33":"tag-ultimasnoticias"},"share_on_mastodon":{"url":"","error":""},"_links":{"self":[{"href":"https:\/\/www.europesays.com\/pt\/wp-json\/wp\/v2\/posts\/115692","targetHints":{"allow":["GET"]}}],"collection":[{"href":"https:\/\/www.europesays.com\/pt\/wp-json\/wp\/v2\/posts"}],"about":[{"href":"https:\/\/www.europesays.com\/pt\/wp-json\/wp\/v2\/types\/post"}],"author":[{"embeddable":true,"href":"https:\/\/www.europesays.com\/pt\/wp-json\/wp\/v2\/users\/2"}],"replies":[{"embeddable":true,"href":"https:\/\/www.europesays.com\/pt\/wp-json\/wp\/v2\/comments?post=115692"}],"version-history":[{"count":0,"href":"https:\/\/www.europesays.com\/pt\/wp-json\/wp\/v2\/posts\/115692\/revisions"}],"wp:featuredmedia":[{"embeddable":true,"href":"https:\/\/www.europesays.com\/pt\/wp-json\/wp\/v2\/media\/115693"}],"wp:attachment":[{"href":"https:\/\/www.europesays.com\/pt\/wp-json\/wp\/v2\/media?parent=115692"}],"wp:term":[{"taxonomy":"category","embeddable":true,"href":"https:\/\/www.europesays.com\/pt\/wp-json\/wp\/v2\/categories?post=115692"},{"taxonomy":"post_tag","embeddable":true,"href":"https:\/\/www.europesays.com\/pt\/wp-json\/wp\/v2\/tags?post=115692"}],"curies":[{"name":"wp","href":"https:\/\/api.w.org\/{rel}","templated":true}]}}