{"id":115718,"date":"2025-10-18T10:05:07","date_gmt":"2025-10-18T10:05:07","guid":{"rendered":"https:\/\/www.europesays.com\/pt\/115718\/"},"modified":"2025-10-18T10:05:07","modified_gmt":"2025-10-18T10:05:07","slug":"tres-concelhos-em-risco-maximo-de-incendio-e-cerca-de-100-em-perigo-muito-elevado","status":"publish","type":"post","link":"https:\/\/www.europesays.com\/pt\/115718\/","title":{"rendered":"Tr\u00eas concelhos em risco m\u00e1ximo de inc\u00eandio e cerca de 100 em perigo muito elevado"},"content":{"rendered":"<p>&#13;<br \/>\nO IPMA colocou sob este aviso os concelhos de Figueira de Castelo Rodrigo, no distrito da Guarda, Oliveira do Hospital e Pampilhosa da Serra, no distrito de Coimbra.&#13;\n<\/p>\n<p>&#13;<br \/>\nDe acordo com o Instituto Portugu\u00eas do Mar e da Atmosfera, cerca de uma centena de concelhos do interior norte e centro e Algarve est\u00e3o em perigo muito elevado de inc\u00eandio rural.&#13;\n<\/p>\n<p>&#13;<br \/>\nO perigo de inc\u00eandio determinado pelo IPMA tem cinco n\u00edveis, que v\u00e3o de reduzido a m\u00e1ximo. Os c\u00e1lculos s\u00e3o obtidos a partir da temperatura do ar, humidade relativa, velocidade do vento e quantidade de precipita\u00e7\u00e3o nas \u00faltimas 24 horas.&#13;\n<\/p>\n<p>&#13;<br \/>\nO IPMA prev\u00ea para hoje c\u00e9u pouco nublado ou limpo, tornando-se gradualmente muito nublado a partir do meio da manh\u00e3, de norte para sul, com possibilidade de ocorr\u00eancia de chuva fraca e dispersa no litoral Norte e Centro a partir do fim da tarde, mais prov\u00e1vel no Minho e Douro Litoral.&#13;\n<\/p>\n<p>&#13;<br \/>\nO vento soprar\u00e1 fraco a moderado predominando do quadrante sul, por vezes forte (at\u00e9 40 km\/h) nas serras algarvias at\u00e9 ao fim da manh\u00e3, e nas terras altas do Norte no final do dia.&#13;\n<\/p>\n<p>&#13;<br \/>\nPrev\u00ea-se uma pequena subida de temperatura no litoral Norte e Centro, em especial da m\u00e1xima.&#13;\n<\/p>\n<p>&#13;<br \/>\nAs temperaturas m\u00e1ximas v\u00e3o oscilar entre os 21 graus Celsius na Guarda os 30 em Santar\u00e9m, Set\u00fabal, \u00c9vora&#13;\n<\/p>\n<p>&#13;<br \/>\n\u00a0&#13;\n<\/p>\n<p>&#13;<br \/>\n\u00a0&#13;<\/p>\n","protected":false},"excerpt":{"rendered":"&#13; O IPMA colocou sob este aviso os concelhos de Figueira de Castelo Rodrigo, no distrito da Guarda,&hellip;\n","protected":false},"author":2,"featured_media":115719,"comment_status":"","ping_status":"","sticky":false,"template":"","format":"standard","meta":{"footnotes":""},"categories":[10],"tags":[27137,27,28,15,16,14,25,26,21,22,12,13,19,20,13633,32,23,24,33,17,18,29,30,31],"class_list":{"0":"post-115718","1":"post","2":"type-post","3":"status-publish","4":"format-standard","5":"has-post-thumbnail","7":"category-portugal","8":"tag-atmosfera-ipma","9":"tag-breaking-news","10":"tag-breakingnews","11":"tag-featured-news","12":"tag-featurednews","13":"tag-headlines","14":"tag-latest-news","15":"tag-latestnews","16":"tag-main-news","17":"tag-mainnews","18":"tag-news","19":"tag-noticias","20":"tag-noticias-principais","21":"tag-noticiasprincipais","22":"tag-pampilhosa","23":"tag-portugal","24":"tag-principais-noticias","25":"tag-principaisnoticias","26":"tag-pt","27":"tag-top-stories","28":"tag-topstories","29":"tag-ultimas","30":"tag-ultimas-noticias","31":"tag-ultimasnoticias"},"share_on_mastodon":{"url":"","error":""},"_links":{"self":[{"href":"https:\/\/www.europesays.com\/pt\/wp-json\/wp\/v2\/posts\/115718","targetHints":{"allow":["GET"]}}],"collection":[{"href":"https:\/\/www.europesays.com\/pt\/wp-json\/wp\/v2\/posts"}],"about":[{"href":"https:\/\/www.europesays.com\/pt\/wp-json\/wp\/v2\/types\/post"}],"author":[{"embeddable":true,"href":"https:\/\/www.europesays.com\/pt\/wp-json\/wp\/v2\/users\/2"}],"replies":[{"embeddable":true,"href":"https:\/\/www.europesays.com\/pt\/wp-json\/wp\/v2\/comments?post=115718"}],"version-history":[{"count":0,"href":"https:\/\/www.europesays.com\/pt\/wp-json\/wp\/v2\/posts\/115718\/revisions"}],"wp:featuredmedia":[{"embeddable":true,"href":"https:\/\/www.europesays.com\/pt\/wp-json\/wp\/v2\/media\/115719"}],"wp:attachment":[{"href":"https:\/\/www.europesays.com\/pt\/wp-json\/wp\/v2\/media?parent=115718"}],"wp:term":[{"taxonomy":"category","embeddable":true,"href":"https:\/\/www.europesays.com\/pt\/wp-json\/wp\/v2\/categories?post=115718"},{"taxonomy":"post_tag","embeddable":true,"href":"https:\/\/www.europesays.com\/pt\/wp-json\/wp\/v2\/tags?post=115718"}],"curies":[{"name":"wp","href":"https:\/\/api.w.org\/{rel}","templated":true}]}}