{"id":115724,"date":"2025-10-18T10:08:10","date_gmt":"2025-10-18T10:08:10","guid":{"rendered":"https:\/\/www.europesays.com\/pt\/115724\/"},"modified":"2025-10-18T10:08:10","modified_gmt":"2025-10-18T10:08:10","slug":"monumento-peixe-para-e-novamente-alvo-de-pichacao-em-piracicaba","status":"publish","type":"post","link":"https:\/\/www.europesays.com\/pt\/115724\/","title":{"rendered":"Monumento &#8216;Peixe Para&#8217; \u00e9 novamente alvo de picha\u00e7\u00e3o em Piracicaba"},"content":{"rendered":"<p>O monumento &#8220;Peixe Para&#8221;, localizado na entrada de Piracicaba, foi novamente pichado. A escultura fica pr\u00f3ximo \u00e0 Rodovia Luiz de Queiroz (SP-304), em frente \u00e0 Escola Superior de Agricultura Luiz de Queiroz (Esalq\/USP), e \u00e9 vista diariamente por motoristas e pedestres que circulam pela regi\u00e3o.<\/p>\n<p><strong>Saiba Mais:<\/strong><\/p>\n<p>Moradores que utilizam a rodovia com frequ\u00eancia relataram ao Jornal de Piracicaba que a estrutura cont\u00e9m novas marcas de picha\u00e7\u00e3o. O ato gerou reclama\u00e7\u00f5es por parte da popula\u00e7\u00e3o local, que afirma ter observado epis\u00f3dios semelhantes em outras ocasi\u00f5es.<\/p>\n<p><img loading=\"lazy\" decoding=\"async\" class=\"img-fluid\" src=\"https:\/\/www.europesays.com\/pt\/wp-content\/uploads\/2025\/10\/a38782fe67c5cac48d06466ffc06153d.jpg\" width=\"600\" height=\"450\" alt=\"\"\/><\/p>\n<ul>&#13;<\/p>\n<li><strong><a href=\"https:\/\/chat.whatsapp.com\/Kw99YGJrC4QClPOAOp8uGs?mode=ems_copy_t\" target=\"_blank\" rel=\"noopener nofollow\">Clique aqui<\/a> e receba, gratuitamente, as principais not\u00edcias da cidade, no seu WhatsApp, em tempo real.\u00a0<\/strong><\/li>\n<p>&#13;\n<\/ul>\n<ul>&#13;<\/p>\n<li><strong>H\u00e1 algum problema no seu bairro? <a href=\"https:\/\/wa.me\/5519983658054?text=Ol%C3%A1!%20Quero%20registrar%20uma%20reclama%C3%A7%C3%A3o%20para%20a%20Coluna%20AL%C3%94%20PREFEITO%20da%20Reda%C3%A7%C3%A3o.\" target=\"_blank\" rel=\"noopener noreferrer nofollow\">Clique aqui<\/a> e envie sua reclama\u00e7\u00e3o para a Coluna &#8220;AL\u00d4, PREFEITO!&#8221;, da Reda\u00e7\u00e3o.<\/strong><\/li>\n<p>&#13;\n<\/ul>\n<p>A obra \u00e9 composta por escultura e pintura e retrata um peixe em movimento, em uma tentativa de subir a correnteza do rio. O trabalho busca representar o esfor\u00e7o do animal em meio ao fluxo da \u00e1gua, utilizando elementos visuais que sugerem movimento corporal.<\/p>\n<p>O monumento j\u00e1 passou por a\u00e7\u00f5es de limpeza anteriormente, realizadas por equipes da administra\u00e7\u00e3o municipal. At\u00e9 o momento, a Prefeitura de Piracicaba n\u00e3o se pronunciou sobre este novo epis\u00f3dio nem informou se h\u00e1 previs\u00e3o para a remo\u00e7\u00e3o das picha\u00e7\u00f5es.<\/p>\n","protected":false},"excerpt":{"rendered":"O monumento &#8220;Peixe Para&#8221;, localizado na entrada de Piracicaba, foi novamente pichado. A escultura fica pr\u00f3ximo \u00e0 Rodovia&hellip;\n","protected":false},"author":2,"featured_media":115725,"comment_status":"","ping_status":"","sticky":false,"template":"","format":"standard","meta":{"footnotes":""},"categories":[144],"tags":[207,205,206,203,201,202,204,114,115,32,33],"class_list":{"0":"post-115724","1":"post","2":"type-post","3":"status-publish","4":"format-standard","5":"has-post-thumbnail","7":"category-arte-e-design","8":"tag-arte","9":"tag-arte-e-design","10":"tag-artedesign","11":"tag-arts","12":"tag-arts-and-design","13":"tag-artsanddesign","14":"tag-design","15":"tag-entertainment","16":"tag-entretenimento","17":"tag-portugal","18":"tag-pt"},"share_on_mastodon":{"url":"","error":""},"_links":{"self":[{"href":"https:\/\/www.europesays.com\/pt\/wp-json\/wp\/v2\/posts\/115724","targetHints":{"allow":["GET"]}}],"collection":[{"href":"https:\/\/www.europesays.com\/pt\/wp-json\/wp\/v2\/posts"}],"about":[{"href":"https:\/\/www.europesays.com\/pt\/wp-json\/wp\/v2\/types\/post"}],"author":[{"embeddable":true,"href":"https:\/\/www.europesays.com\/pt\/wp-json\/wp\/v2\/users\/2"}],"replies":[{"embeddable":true,"href":"https:\/\/www.europesays.com\/pt\/wp-json\/wp\/v2\/comments?post=115724"}],"version-history":[{"count":0,"href":"https:\/\/www.europesays.com\/pt\/wp-json\/wp\/v2\/posts\/115724\/revisions"}],"wp:featuredmedia":[{"embeddable":true,"href":"https:\/\/www.europesays.com\/pt\/wp-json\/wp\/v2\/media\/115725"}],"wp:attachment":[{"href":"https:\/\/www.europesays.com\/pt\/wp-json\/wp\/v2\/media?parent=115724"}],"wp:term":[{"taxonomy":"category","embeddable":true,"href":"https:\/\/www.europesays.com\/pt\/wp-json\/wp\/v2\/categories?post=115724"},{"taxonomy":"post_tag","embeddable":true,"href":"https:\/\/www.europesays.com\/pt\/wp-json\/wp\/v2\/tags?post=115724"}],"curies":[{"name":"wp","href":"https:\/\/api.w.org\/{rel}","templated":true}]}}