{"id":115726,"date":"2025-10-18T10:10:21","date_gmt":"2025-10-18T10:10:21","guid":{"rendered":"https:\/\/www.europesays.com\/pt\/115726\/"},"modified":"2025-10-18T10:10:21","modified_gmt":"2025-10-18T10:10:21","slug":"este-ex-concorrente-do-triangulo-esta-de-luto-e-recebeu-a-maior-prova-de-amor-da-namorada-as-fotos-que-comprovam-secret-story","status":"publish","type":"post","link":"https:\/\/www.europesays.com\/pt\/115726\/","title":{"rendered":"Este ex-concorrente d&#8217;O Tri\u00e2ngulo est\u00e1 de luto e recebeu a maior prova de amor da namorada &#8211; as fotos que comprovam &#8211; Secret Story"},"content":{"rendered":"<p>\n                    Este ex-concorrente recebeu uma surpresa especial da namorada. Veja tudo.\n                <\/p>\n<p>Ainda se lembra de <strong>Afonso Vaz<\/strong>? Foi concorrente d&#8217;<strong>O Tri\u00e2ngulo<\/strong>, da TVI, em 2023,\u00a0 \u00e9 personal Trainer e, recentemente, voltou a chamar \u00e0 aten\u00e7\u00e3o nas redes sociais ao mostrar uma surpresa que a namorada lhe fez.<\/p>\n<p>O<a href=\"https:\/\/tvi.iol.pt\/secretstory\/\" rel=\"nofollow noopener\" target=\"_blank\"> ex-concorrente<\/a> est\u00e1 de luto pela morte da sua av\u00f3 e, nas redes sociais, partilhou uma foto da companheira, Joana, a segurar um enorme ramo de flores. \u00ab<strong>Veio do outro lado do mundo assim que soube do falecimento da minha av\u00f3<\/strong>\u00bb, come\u00e7ou por dizer.<\/p>\n<p>\u00abEsta mi\u00fada \u00e9 a luz da minha vida, de quem tem a sorte de a ter por perto. \u00c9 amorosa, alegre e teimosa. \u00c9 tamb\u00e9m o amor da minha vida. Por acaso, hoje fazemos seis meses, seis meses de uma vida a teu lado. Obrigado por tudo, meu amor\u00bb, acrescentou.<\/p>\n<p><strong>Percorra a nossa galeria e veja as fotos em quest\u00e3o<\/strong><\/p>\n","protected":false},"excerpt":{"rendered":"Este ex-concorrente recebeu uma surpresa especial da namorada. Veja tudo. Ainda se lembra de Afonso Vaz? Foi concorrente&hellip;\n","protected":false},"author":2,"featured_media":115727,"comment_status":"","ping_status":"","sticky":false,"template":"","format":"standard","meta":{"footnotes":""},"categories":[142],"tags":[27118,2642,18706,114,115,18705,1339,32,33,151,18704],"class_list":{"0":"post-115726","1":"post","2":"type-post","3":"status-publish","4":"format-standard","5":"has-post-thumbnail","7":"category-tv","8":"tag-afonso-vaz","9":"tag-amor","10":"tag-bastidores-secret-story","11":"tag-entertainment","12":"tag-entretenimento","13":"tag-entrevistas-concorrentes-tvi","14":"tag-luto","15":"tag-portugal","16":"tag-pt","17":"tag-tv","18":"tag-vida-fora-da-casa"},"share_on_mastodon":{"url":"","error":""},"_links":{"self":[{"href":"https:\/\/www.europesays.com\/pt\/wp-json\/wp\/v2\/posts\/115726","targetHints":{"allow":["GET"]}}],"collection":[{"href":"https:\/\/www.europesays.com\/pt\/wp-json\/wp\/v2\/posts"}],"about":[{"href":"https:\/\/www.europesays.com\/pt\/wp-json\/wp\/v2\/types\/post"}],"author":[{"embeddable":true,"href":"https:\/\/www.europesays.com\/pt\/wp-json\/wp\/v2\/users\/2"}],"replies":[{"embeddable":true,"href":"https:\/\/www.europesays.com\/pt\/wp-json\/wp\/v2\/comments?post=115726"}],"version-history":[{"count":0,"href":"https:\/\/www.europesays.com\/pt\/wp-json\/wp\/v2\/posts\/115726\/revisions"}],"wp:featuredmedia":[{"embeddable":true,"href":"https:\/\/www.europesays.com\/pt\/wp-json\/wp\/v2\/media\/115727"}],"wp:attachment":[{"href":"https:\/\/www.europesays.com\/pt\/wp-json\/wp\/v2\/media?parent=115726"}],"wp:term":[{"taxonomy":"category","embeddable":true,"href":"https:\/\/www.europesays.com\/pt\/wp-json\/wp\/v2\/categories?post=115726"},{"taxonomy":"post_tag","embeddable":true,"href":"https:\/\/www.europesays.com\/pt\/wp-json\/wp\/v2\/tags?post=115726"}],"curies":[{"name":"wp","href":"https:\/\/api.w.org\/{rel}","templated":true}]}}