{"id":115728,"date":"2025-10-18T10:11:21","date_gmt":"2025-10-18T10:11:21","guid":{"rendered":"https:\/\/www.europesays.com\/pt\/115728\/"},"modified":"2025-10-18T10:11:21","modified_gmt":"2025-10-18T10:11:21","slug":"o-cafe-da-manha-da-rfm-vai-percorrer-os-cafes-de-portugal-descobre-onde-aqui","status":"publish","type":"post","link":"https:\/\/www.europesays.com\/pt\/115728\/","title":{"rendered":"O Caf\u00e9 da Manh\u00e3 da RFM vai percorrer os caf\u00e9s de Portugal. Descobre onde aqui!"},"content":{"rendered":"<p>O Caf\u00e9 da Manh\u00e3 da RFM vai deixar o est\u00fadio para uma emiss\u00e3o especial por todo o pa\u00eds. Durante duas semanas, a equipa vai percorrer os caf\u00e9s de Portugal, de Norte a Sul, numa iniciativa que quer aproximar ainda mais a r\u00e1dio de ti, que nos ouves todos os dias.\n<\/p>\n<p>A iniciativa <strong>&#8220;Pelos Caf\u00e9s de Portugal&#8221;<\/strong> arranca a 27 de outubro, no Porto, e termina a 7 de novembro, em Bel\u00e9m. Pelo caminho, vamos passar por Braga, Guimar\u00e3es, Viseu, Coimbra, Cascais, Leiria, \u00c9vora e Set\u00fabal.\n<\/p>\n<p>A ideia \u00e9 simples: juntar r\u00e1dio e caf\u00e9, dois h\u00e1bitos bem portugueses. Vais poder ver de perto como se faz o Caf\u00e9 da Manh\u00e3, rir com a equipa e, claro, tomar o pequeno-almo\u00e7o com o Pedro Fernandes, a Mariana Alvim e o Lu\u00eds Pinheiro.\n<\/p>\n<p>A RFM quer transformar estas manh\u00e3s em momentos de encontro e conv\u00edvio, refor\u00e7ando a liga\u00e7\u00e3o com quem est\u00e1 com a RFM, todos os dias.<\/p>\n<p><strong>Eis as datas e os locais:<\/strong><\/p>\n<ul>\n<li>27 outubro &#8211; Porto, Caf\u00e9 Velasquez<\/li>\n<li>28 outubro &#8211; Braga, Caf\u00e9 A Brasileira<\/li>\n<li>29 outubro &#8211; Guimar\u00e3es, Pastelaria Supremo Gosto (Rua Alfredo Guimar\u00e3es)<\/li>\n<li>30 outubro &#8211; Viseu, Pastelaria Capuchinha do Rossio<\/li>\n<li>31 outubro &#8211; Coimbra, Caf\u00e9 Santa Cruz<\/li>\n<li>3 novembro &#8211; Cascais, Sacolinha de Cascais (Av. dos Combatentes da Grande Guerra 107)<\/li>\n<li>4 novembro &#8211; Leiria, Brisanorte (Av. Eng. Adelino)<\/li>\n<li>5 novembro &#8211; \u00c9vora, Docinho de Mel (R. Oliveira Martins 12)<\/li>\n<li>6 novembro &#8211; Set\u00fabal, Caf\u00e9 Arcada<\/li>\n<li>7 novembro &#8211; Bel\u00e9m, Careca<\/li>\n<\/ul>\n<p><strong>Pelos Caf\u00e9s de Portugal <\/strong>tem o apoio do <strong> Continente<\/strong>: H\u00e1 40 anos \u00e0 mesa de todos. Continente &#8211; \u00c9 de toda a gente <strong>e da Compal<\/strong>:  Seja com o que for, \u00e9 um Compal se faz favor.\n<\/p>\n<p>Vai ter connosco!<\/p>\n","protected":false},"excerpt":{"rendered":"O Caf\u00e9 da Manh\u00e3 da RFM vai deixar o est\u00fadio para uma emiss\u00e3o especial por todo o pa\u00eds.&hellip;\n","protected":false},"author":2,"featured_media":115729,"comment_status":"","ping_status":"","sticky":false,"template":"","format":"standard","meta":{"footnotes":""},"categories":[141],"tags":[783,778,779,774,764,769,767,772,782,114,115,784,222,771,773,149,150,768,777,32,33,766,781,765,763,775,780,776,770],"class_list":{"0":"post-115728","1":"post","2":"type-post","3":"status-publish","4":"format-standard","5":"has-post-thumbnail","7":"category-musica","8":"tag-6pm","9":"tag-80s-rfm","10":"tag-80srfm","11":"tag-90s","12":"tag-bruno-mars","13":"tag-cafe-da-manha","14":"tag-comedia","15":"tag-dance-it","16":"tag-emissao-online","17":"tag-entertainment","18":"tag-entretenimento","19":"tag-fridayboyz","20":"tag-humor","21":"tag-jazzy","22":"tag-latinas","23":"tag-music","24":"tag-musica","25":"tag-nilton","26":"tag-oceano-pacifico","27":"tag-portugal","28":"tag-pt","29":"tag-radio","30":"tag-radio-online","31":"tag-rfm","32":"tag-rock-in-rio","33":"tag-rocks","34":"tag-somnii","35":"tag-toca-portugal","36":"tag-top-25"},"share_on_mastodon":{"url":"","error":""},"_links":{"self":[{"href":"https:\/\/www.europesays.com\/pt\/wp-json\/wp\/v2\/posts\/115728","targetHints":{"allow":["GET"]}}],"collection":[{"href":"https:\/\/www.europesays.com\/pt\/wp-json\/wp\/v2\/posts"}],"about":[{"href":"https:\/\/www.europesays.com\/pt\/wp-json\/wp\/v2\/types\/post"}],"author":[{"embeddable":true,"href":"https:\/\/www.europesays.com\/pt\/wp-json\/wp\/v2\/users\/2"}],"replies":[{"embeddable":true,"href":"https:\/\/www.europesays.com\/pt\/wp-json\/wp\/v2\/comments?post=115728"}],"version-history":[{"count":0,"href":"https:\/\/www.europesays.com\/pt\/wp-json\/wp\/v2\/posts\/115728\/revisions"}],"wp:featuredmedia":[{"embeddable":true,"href":"https:\/\/www.europesays.com\/pt\/wp-json\/wp\/v2\/media\/115729"}],"wp:attachment":[{"href":"https:\/\/www.europesays.com\/pt\/wp-json\/wp\/v2\/media?parent=115728"}],"wp:term":[{"taxonomy":"category","embeddable":true,"href":"https:\/\/www.europesays.com\/pt\/wp-json\/wp\/v2\/categories?post=115728"},{"taxonomy":"post_tag","embeddable":true,"href":"https:\/\/www.europesays.com\/pt\/wp-json\/wp\/v2\/tags?post=115728"}],"curies":[{"name":"wp","href":"https:\/\/api.w.org\/{rel}","templated":true}]}}