{"id":115734,"date":"2025-10-18T10:19:15","date_gmt":"2025-10-18T10:19:15","guid":{"rendered":"https:\/\/www.europesays.com\/pt\/115734\/"},"modified":"2025-10-18T10:19:15","modified_gmt":"2025-10-18T10:19:15","slug":"nao-e-obrigatorio-ima-da-mesquita-central-de-lisboa-critica-proibicao-do-uso-de-burca","status":"publish","type":"post","link":"https:\/\/www.europesays.com\/pt\/115734\/","title":{"rendered":"&#8220;N\u00e3o \u00e9 obrigat\u00f3rio&#8221;. Im\u00e3 da Mesquita Central de Lisboa critica proibi\u00e7\u00e3o do uso de burca"},"content":{"rendered":"<p>                    O im\u00e3 da Mesquita Central de Lisboa come\u00e7ou por referir, na entrevista \u00e0 RTP3, que <b>&#8220;h\u00e1 uma ignor\u00e2ncia enorme perante alguns deputados&#8221; que dizem que usar burca &#8220;retira a liberdade \u00e0 mulher&#8221;.<\/b><\/p>\n<p><b>&#8220;\u00c9 mentira. \u00c9 falso&#8221;<\/b>, afirmou Sheik David Munir, acrescentando que estas <b>afirma\u00e7\u00f5es servem s\u00f3 &#8220;para ganhar mais uns votos&#8221;.<\/b><\/p>\n<p>O im\u00e3 da mesquita de Lisboa explicou que o uso da vestimenta feminina isl\u00e2mica &#8220;n\u00e3o \u00e9 obrigat\u00f3rio&#8221;.<\/p>\n<p><b>&#8220;\u00c9 \u00f3bvio que o Isl\u00e3o n\u00e3o obriga a mulher a cobrir o seu rosto&#8221;<\/b>, continuou, n\u00e3o deixando de frisar que <b>se &#8220;quiser vestir de sua livre vontade, e se a lei do pa\u00eds o permite&#8221;, n\u00e3o v\u00ea raz\u00e3o para n\u00e3o deixar.<\/b><\/p>\n<p>&#13;<br \/>\nAl\u00e9m disso, o vestu\u00e1rio que o Isl\u00e3o d\u00e1 \u00e0s &#8220;mu\u00e7ulmanas \u00e9 cobrir os cabelos&#8221;, mas se quiserem &#8220;cobrir o rosto deixando os olhos abertos ou que queira tapar o rosto, sem p\u00f4r a seguran\u00e7a em causa&#8221;, o Isl\u00e3o permite. Se a lei proibir o uso de burca, as cidad\u00e3s mu\u00e7ulmanas podem passar a usar &#8220;simplesmente o len\u00e7o&#8221;, ou deixam de sair de casa, ou saem do pa\u00eds.&#13;\n<\/p>\n<p>&#13;<br \/>\n<b>&#8220;N\u00f3s teremos de nos adaptar (&#8230;) sem qualquer problema para o Estado, sem criar qualquer situa\u00e7\u00e3o embara\u00e7osa&#8221;<\/b>, disse. <b>&#8220;Somos mu\u00e7ulmanos, somos portugueses, estamos integrados. E se a lei for aprovada (&#8230;), as mu\u00e7ulmanas e os mu\u00e7ulmanos ter\u00e3o de ajustar qual \u00e9 a forma mais adequada&#8221;<\/b>.&#13;\n<\/p>\n<p>          <img decoding=\"async\" itemprop=\"image\" class=\"img-fluid\"   src=\"https:\/\/www.europesays.com\/pt\/wp-content\/uploads\/2025\/10\/1397745fa695195752453573bbc66cc4_N.jpg\"\/><\/p>\n<p>&#13;<br \/>\nA maioria das cidad\u00e3s mu\u00e7ulmanas em Portugal usam v\u00e9u isl\u00e2mico para cobrir o cabelo apenas.<b>\u00a0O im\u00e3 da Mesquita Central de Lisboa considerou que esta legisla\u00e7\u00e3o serve para os pol\u00edticos &#8220;taparem os olhos aos portugueses&#8221;, em vez de resolverem os problemas do pa\u00eds,\u00a0<\/b><b>lamentando o discurso islam\u00f3fobo e anti-imigrantes<\/b><b>.\u00a0<\/b>&#13;\n<\/p>\n<p><b>&#8220;Com tantos problemas graves que n\u00f3s temos no nosso pa\u00eds, com beb\u00e9s a nascerem nas ambul\u00e2ncias ou hospitais a serem fechados porque n\u00e3o h\u00e1 m\u00e9dicos&#8221;, em vez de &#8220;dedicarmos o nosso tempo a essas situa\u00e7\u00f5es e a procurar solu\u00e7\u00f5es para isso, estamos a discutir o vestu\u00e1rio de uma mu\u00e7ulmana&#8221;<\/b>, comentou David Munir.<\/p>\n<p>Salientando que a &#8220;seguran\u00e7a \u00e9 um assunto importante&#8221;, o im\u00e3 recordou que existem mais riscos relacionados com o uso de armas do que com o vestu\u00e1rio religioso.<\/p>\n<p>&#8220;Segundo a lei mu\u00e7ulmana, n\u00e3o se pode obrigar ningu\u00e9m a vestir o que n\u00e3o quer, nem sequer a filhas. E h\u00e1 muitas mu\u00e7ulmanas que n\u00e3o usam sequer o len\u00e7o&#8221; sobre os cabelos, mas &#8220;desde que usem vestu\u00e1rio modesto est\u00e1 tudo bem&#8221;, considerou David Munir. <\/p>\n","protected":false},"excerpt":{"rendered":"O im\u00e3 da Mesquita Central de Lisboa come\u00e7ou por referir, na entrevista \u00e0 RTP3, que &#8220;h\u00e1 uma ignor\u00e2ncia&hellip;\n","protected":false},"author":2,"featured_media":115735,"comment_status":"","ping_status":"","sticky":false,"template":"","format":"standard","meta":{"footnotes":""},"categories":[10],"tags":[27,28,15,16,14,25,26,21,22,12,13,19,20,32,23,24,33,420,421,17,18,29,30,31],"class_list":{"0":"post-115734","1":"post","2":"type-post","3":"status-publish","4":"format-standard","5":"has-post-thumbnail","7":"category-portugal","8":"tag-breaking-news","9":"tag-breakingnews","10":"tag-featured-news","11":"tag-featurednews","12":"tag-headlines","13":"tag-latest-news","14":"tag-latestnews","15":"tag-main-news","16":"tag-mainnews","17":"tag-news","18":"tag-noticias","19":"tag-noticias-principais","20":"tag-noticiasprincipais","21":"tag-portugal","22":"tag-principais-noticias","23":"tag-principaisnoticias","24":"tag-pt","25":"tag-rtp","26":"tag-rtp-noticias","27":"tag-top-stories","28":"tag-topstories","29":"tag-ultimas","30":"tag-ultimas-noticias","31":"tag-ultimasnoticias"},"share_on_mastodon":{"url":"","error":""},"_links":{"self":[{"href":"https:\/\/www.europesays.com\/pt\/wp-json\/wp\/v2\/posts\/115734","targetHints":{"allow":["GET"]}}],"collection":[{"href":"https:\/\/www.europesays.com\/pt\/wp-json\/wp\/v2\/posts"}],"about":[{"href":"https:\/\/www.europesays.com\/pt\/wp-json\/wp\/v2\/types\/post"}],"author":[{"embeddable":true,"href":"https:\/\/www.europesays.com\/pt\/wp-json\/wp\/v2\/users\/2"}],"replies":[{"embeddable":true,"href":"https:\/\/www.europesays.com\/pt\/wp-json\/wp\/v2\/comments?post=115734"}],"version-history":[{"count":0,"href":"https:\/\/www.europesays.com\/pt\/wp-json\/wp\/v2\/posts\/115734\/revisions"}],"wp:featuredmedia":[{"embeddable":true,"href":"https:\/\/www.europesays.com\/pt\/wp-json\/wp\/v2\/media\/115735"}],"wp:attachment":[{"href":"https:\/\/www.europesays.com\/pt\/wp-json\/wp\/v2\/media?parent=115734"}],"wp:term":[{"taxonomy":"category","embeddable":true,"href":"https:\/\/www.europesays.com\/pt\/wp-json\/wp\/v2\/categories?post=115734"},{"taxonomy":"post_tag","embeddable":true,"href":"https:\/\/www.europesays.com\/pt\/wp-json\/wp\/v2\/tags?post=115734"}],"curies":[{"name":"wp","href":"https:\/\/api.w.org\/{rel}","templated":true}]}}