{"id":115744,"date":"2025-10-18T10:27:10","date_gmt":"2025-10-18T10:27:10","guid":{"rendered":"https:\/\/www.europesays.com\/pt\/115744\/"},"modified":"2025-10-18T10:27:10","modified_gmt":"2025-10-18T10:27:10","slug":"conselho-de-disciplina-instaura-processo-disciplinar-ao-benfica-abre-dois-inqueritos-e-arquiva-queixa-das-aguias-2","status":"publish","type":"post","link":"https:\/\/www.europesays.com\/pt\/115744\/","title":{"rendered":"Conselho de Disciplina instaura processo disciplinar ao Benfica, abre dois inqu\u00e9ritos e arquiva queixa das \u00e1guias"},"content":{"rendered":"<p>&#8211; Advertisement &#8211;<\/p>\n<p><strong>O Conselho Disciplinar da FPF instaurou processo disciplinar ao Benfica. \u00d3rg\u00e3o abriu dois inqu\u00e9ritos e arquivou queixa das \u00e1guias.<\/strong><\/p>\n<p>O Conselho de Disciplina da Federa\u00e7\u00e3o Portuguesa de Futebol instaurou um processo disciplinar ao Benfica, devido ao Cl\u00e1ssico com o FC Porto no Est\u00e1dio do Drag\u00e3o. O jogo realizou-se no dia 5 de outubro para a Primeira Liga.<\/p>\n<p>Ainda n\u00e3o s\u00e3o conhecidos os motivos desse processo disciplinar e o Conselho Disciplina abriu tamb\u00e9m dois processos de inqu\u00e9ritos relacionados com o FC Porto x Benfica, sem apresentar as raz\u00f5es dos mesmos.<\/p>\n<p>Al\u00e9m disso, o Conselho de Disciplina arquivou a queixa apresentada pelo <a href=\"https:\/\/bolanarede.pt\/etiqueta\/benfica\/\" target=\"_blank\" rel=\"noreferrer noopener nofollow\">Benfica<\/a>, na sequ\u00eancia da entrada tardia dos adeptos dos encarnados \u00e0s nas bancadas do Est\u00e1dio do Drag\u00e3o. <\/p>\n","protected":false},"excerpt":{"rendered":"&#8211; Advertisement &#8211; O Conselho Disciplinar da FPF instaurou processo disciplinar ao Benfica. \u00d3rg\u00e3o abriu dois inqu\u00e9ritos e&hellip;\n","protected":false},"author":2,"featured_media":107388,"comment_status":"","ping_status":"","sticky":false,"template":"","format":"standard","meta":{"footnotes":""},"categories":[87],"tags":[260,51,135,478,282,32,479,33,134],"class_list":{"0":"post-115744","1":"post","2":"type-post","3":"status-publish","4":"format-standard","5":"has-post-thumbnail","7":"category-desporto","8":"tag-atualidade","9":"tag-benfica","10":"tag-desporto","11":"tag-destaques-bnr","12":"tag-fc-porto","13":"tag-portugal","14":"tag-primeira-liga","15":"tag-pt","16":"tag-sports"},"share_on_mastodon":{"url":"","error":""},"_links":{"self":[{"href":"https:\/\/www.europesays.com\/pt\/wp-json\/wp\/v2\/posts\/115744","targetHints":{"allow":["GET"]}}],"collection":[{"href":"https:\/\/www.europesays.com\/pt\/wp-json\/wp\/v2\/posts"}],"about":[{"href":"https:\/\/www.europesays.com\/pt\/wp-json\/wp\/v2\/types\/post"}],"author":[{"embeddable":true,"href":"https:\/\/www.europesays.com\/pt\/wp-json\/wp\/v2\/users\/2"}],"replies":[{"embeddable":true,"href":"https:\/\/www.europesays.com\/pt\/wp-json\/wp\/v2\/comments?post=115744"}],"version-history":[{"count":0,"href":"https:\/\/www.europesays.com\/pt\/wp-json\/wp\/v2\/posts\/115744\/revisions"}],"wp:featuredmedia":[{"embeddable":true,"href":"https:\/\/www.europesays.com\/pt\/wp-json\/wp\/v2\/media\/107388"}],"wp:attachment":[{"href":"https:\/\/www.europesays.com\/pt\/wp-json\/wp\/v2\/media?parent=115744"}],"wp:term":[{"taxonomy":"category","embeddable":true,"href":"https:\/\/www.europesays.com\/pt\/wp-json\/wp\/v2\/categories?post=115744"},{"taxonomy":"post_tag","embeddable":true,"href":"https:\/\/www.europesays.com\/pt\/wp-json\/wp\/v2\/tags?post=115744"}],"curies":[{"name":"wp","href":"https:\/\/api.w.org\/{rel}","templated":true}]}}