{"id":115746,"date":"2025-10-18T10:33:07","date_gmt":"2025-10-18T10:33:07","guid":{"rendered":"https:\/\/www.europesays.com\/pt\/115746\/"},"modified":"2025-10-18T10:33:07","modified_gmt":"2025-10-18T10:33:07","slug":"erosao-interna-no-ps-sete-dissidentes-conquistam-camaras","status":"publish","type":"post","link":"https:\/\/www.europesays.com\/pt\/115746\/","title":{"rendered":"Eros\u00e3o Interna no PS: Sete dissidentes conquistam C\u00e2maras"},"content":{"rendered":"<p>Fonte do partido explica ao DN que essas mesmas incertezas aconselharam uma decis\u00e3o diferente para a candidatura ao concelho. <strong>No entanto, nas urnas tornou-se a primeira mulher a liderar o concelho, com 43,5% dos votos.<\/strong> Os tr\u00eas mandatos n\u00e3o lhe garantem maioria e o PS, que teve Ant\u00f3nio Figueiredo a concurso, tem dois vereadores, fruto dos pouco mais de 23% de vota\u00e7\u00e3o. Ver-se-\u00e1 se os socialistas apoiam Pimentel ou se \u00e9 o PSD a viabilizar pol\u00edticas (tem dois vereadores tamb\u00e9m). <\/p>\n<p><strong>Em Soure, Rui Fernandes desfiliou-se do PS para protagonizar uma lista independente. Foi eleito pelo movimento \u201cNovo Ciclo\u201d e retirou os socialistas da presid\u00eancia daquela autarquia, onde liderava h\u00e1 20 anos.<\/strong> O movimento obteve 37,8% (4063 votos) e tr\u00eas eleitos, o mesmo n\u00famero de eleitos pelo PS, liderado por Jo\u00e3o Gouveia, que teve 33,8% (3629 votos). Carlos P\u00e1scoa, do PSD, pode servir de desempate, sem ser necess\u00e1ria a negocia\u00e7\u00e3o com o PS. <\/p>\n<p>Por fim, no distrito de Coimbra tamb\u00e9m em Vila Nova de Poiares, houve dissid\u00eancia do PS. Nuno Neves era presidente da Junta de Freguesia de Poiares (Santo Andr\u00e9) e foi preterido pela concelhia, que optou por Lara Oliveira. Ganhou com 40,39%, sendo seguido pelo PSD, com 34,91%, deixando o PS apenas com 16,35%. <strong>Nos tr\u00eas casos, tratava-se de uma elei\u00e7\u00e3o em que sa\u00edam os incumbentes, mas as escolhas da concelhia, sabe o DN, ir\u00e3o ser analisadas pelos \u00f3rg\u00e3os nacionais. Nos v\u00e1rios casos de Coimbra, houve desfilia\u00e7\u00f5es efetivas, contudo em caso de candidatura os estatutos do PS colocam \u00a0uma candidatura fora da esfera PS como \u201cinfra\u00e7\u00e3o disciplinar, qualificada como falta grave\u201d, originando a expuls\u00e3o.<\/strong><\/p>\n<p>No distrito de Braga, em Vizela, o presidente de c\u00e2mara em fun\u00e7\u00f5es, Victor Hugo Salgado, recandidatou-se em nome pr\u00f3prio, para o terceiro mandato, depois de o PS nacional ter retirado o apoio \u00e0 sua candidatura devido a uma investiga\u00e7\u00e3o por alegada viol\u00eancia dom\u00e9stica. Era o l\u00edder da concelhia local, mas foi substitu\u00eddo dessa fun\u00e7\u00e3o tamb\u00e9m. Ainda assim, o PS n\u00e3o apresentou candidato para destronar o antigo militante. A vit\u00f3ria por 71,96 %, com seis de sete vereadores, \u00e9 das mais esclarecedoras do pa\u00eds. No discurso de vit\u00f3ria falou em &#8220;mal-agradecidos, ratos e frustrados&#8221;.<\/p>\n<p><strong>Em Figueir\u00f3 dos Vinhos, do distrito de Leiria, Carlos Lopes fez um longo caminho como independente: ex-deputado socialista, preterido pelo partido h\u00e1 12 anos em prol de Jorge Abreu, foi vereador eleito em 2017 e 2021 e conseguiu a ansiada vit\u00f3ria.<\/strong> Beneficiou da sa\u00edda do incumbente e da pol\u00e9mica escolha socialista de apostar no ex-social-democrata Jos\u00e9 Carlos Quintas. O PS, com 20%, teve pouco menos de metade do antigo deputado, que agora, com dois vereadores, ou negoceia com o PSD ou com o antigo partido.<\/p>\n<p>Em Salvaterra de Magos, Santar\u00e9m, o Movimento Juntos Fazemos Mais obteve 38% dos votos e ganhou em todas as freguesias. <strong>Helena Neves foi militante comunista, foi deputada pelo Bloco de Esquerda e integrava a autarquia como vice-presidente. N\u00e3o foi a escolhida e logrou 38% dos votos e tr\u00eas vereadores.<\/strong><\/p>\n<p><strong>Em Set\u00fabal, no Montijo, romperam-se 28 anos de governa\u00e7\u00e3o socialista. Fernando Caria encabe\u00e7ou o projeto Montijo com Vis\u00e3o e Cora\u00e7\u00e3o.<\/strong> Depois de exercer o cargo de presidente da Junta da Uni\u00e3o das Freguesias de Montijo e Afonsoeiro durante tr\u00eas mandatos, eleito pelo PS, avan\u00e7ou como independente e frustrou os socialistas, mas tamb\u00e9m o Chega, que acreditava na vit\u00f3ria. <strong>Caria tem tr\u00eas vereadores, o Chega dois, PS e PSD um cada. O pedido de recontagem de votos proveniente do Chega, ap\u00f3s a derrota por 600 votos, permitiu ao PS ganhar, sim, mais um deputado na Assembleia municipal.<\/strong><\/p>\n<p>Por fim, nos A\u00e7ores, em Santa Cruz das Flores, Maria N\u00f3ia ganhou por sete votos ao PSD e frustrou o antigo partido, onde fez v\u00e1rias vezes parte das listas nas Flores. Ivan Castro, empres\u00e1rio, tinha sido o escolhido para suceder a Jos\u00e9 Carlos Mendes, em limita\u00e7\u00e3o de mandatos, mas o PS foi a terceira for\u00e7a mais votada.<\/p>\n","protected":false},"excerpt":{"rendered":"Fonte do partido explica ao DN que essas mesmas incertezas aconselharam uma decis\u00e3o diferente para a candidatura ao&hellip;\n","protected":false},"author":2,"featured_media":115747,"comment_status":"","ping_status":"","sticky":false,"template":"","format":"standard","meta":{"footnotes":""},"categories":[10],"tags":[2431,27,28,27128,27140,27144,27142,15,16,27138,14,25,26,21,22,12,13,19,20,15086,32,23,24,33,27143,27141,17,18,29,30,31,27139],"class_list":{"0":"post-115746","1":"post","2":"type-post","3":"status-publish","4":"format-standard","5":"has-post-thumbnail","7":"category-portugal","8":"tag-autarquicas-2025","9":"tag-breaking-news","10":"tag-breakingnews","11":"tag-camara-do-montijo","12":"tag-condeixa-a-nova","13":"tag-desfiliacao","14":"tag-dissidentes","15":"tag-featured-news","16":"tag-featurednews","17":"tag-figueiro-dos-vinhos","18":"tag-headlines","19":"tag-latest-news","20":"tag-latestnews","21":"tag-main-news","22":"tag-mainnews","23":"tag-news","24":"tag-noticias","25":"tag-noticias-principais","26":"tag-noticiasprincipais","27":"tag-partido-socialista","28":"tag-portugal","29":"tag-principais-noticias","30":"tag-principaisnoticias","31":"tag-pt","32":"tag-santa-cruz-das-flores","33":"tag-soure","34":"tag-top-stories","35":"tag-topstories","36":"tag-ultimas","37":"tag-ultimas-noticias","38":"tag-ultimasnoticias","39":"tag-vizela"},"share_on_mastodon":{"url":"","error":""},"_links":{"self":[{"href":"https:\/\/www.europesays.com\/pt\/wp-json\/wp\/v2\/posts\/115746","targetHints":{"allow":["GET"]}}],"collection":[{"href":"https:\/\/www.europesays.com\/pt\/wp-json\/wp\/v2\/posts"}],"about":[{"href":"https:\/\/www.europesays.com\/pt\/wp-json\/wp\/v2\/types\/post"}],"author":[{"embeddable":true,"href":"https:\/\/www.europesays.com\/pt\/wp-json\/wp\/v2\/users\/2"}],"replies":[{"embeddable":true,"href":"https:\/\/www.europesays.com\/pt\/wp-json\/wp\/v2\/comments?post=115746"}],"version-history":[{"count":0,"href":"https:\/\/www.europesays.com\/pt\/wp-json\/wp\/v2\/posts\/115746\/revisions"}],"wp:featuredmedia":[{"embeddable":true,"href":"https:\/\/www.europesays.com\/pt\/wp-json\/wp\/v2\/media\/115747"}],"wp:attachment":[{"href":"https:\/\/www.europesays.com\/pt\/wp-json\/wp\/v2\/media?parent=115746"}],"wp:term":[{"taxonomy":"category","embeddable":true,"href":"https:\/\/www.europesays.com\/pt\/wp-json\/wp\/v2\/categories?post=115746"},{"taxonomy":"post_tag","embeddable":true,"href":"https:\/\/www.europesays.com\/pt\/wp-json\/wp\/v2\/tags?post=115746"}],"curies":[{"name":"wp","href":"https:\/\/api.w.org\/{rel}","templated":true}]}}