{"id":115748,"date":"2025-10-18T10:34:12","date_gmt":"2025-10-18T10:34:12","guid":{"rendered":"https:\/\/www.europesays.com\/pt\/115748\/"},"modified":"2025-10-18T10:34:12","modified_gmt":"2025-10-18T10:34:12","slug":"gouveia-e-melo-afirma-que-mario-soares-e-o-modelo-de-presidente-em-que-se-reve","status":"publish","type":"post","link":"https:\/\/www.europesays.com\/pt\/115748\/","title":{"rendered":"Gouveia e Melo afirma que M\u00e1rio Soares \u00e9 o modelo de Presidente em que se rev\u00ea"},"content":{"rendered":"<p>O candidato presidencial Gouveia e Melo afirma que M\u00e1rio Soares \u00e9 o seu modelo de Presidente, destaca o contributo de Ramalho Eanes para a democracia, mas demarca-se dos chefes de Estado militares n\u00e3o eleitos no p\u00f3s-25 de Abril.<\/p>\n<p class=\"text-paragraph\">\u201cO Presidente [da Rep\u00fablica] que mais gostei e que me revejo nele por diversas coisas, at\u00e9 como ser humano, \u00e9 M\u00e1rio Soares\u201d, afirma o ex-chefe do Estado-Maior da Armada em entrevista \u00e0 ag\u00eancia Lusa.<\/p>\n<p class=\"text-paragraph\">Henrique Gouveia e Melo considera que Ramalho Eanes foi tamb\u00e9m \u201cimportant\u00edssimo\u201d numa fase da democracia \u2013\u00a0e que sem Eanes e Soares n\u00e3o teria a democracia que possui hoje.<\/p>\n<p class=\"text-paragraph\">Em rela\u00e7\u00e3o a Jorge Sampaio, Cavaco Silva e Marcelo Rebelo de Sousa, o almirante considera que \u201cforam j\u00e1 uma sequ\u00eancia\u201d.<\/p>\n<p class=\"text-paragraph\">\u201cSe calhar por serem uma sequ\u00eancia j\u00e1 n\u00e3o lhes dei tanto benef\u00edcio da d\u00favida. Mas o meu modelo, se tivesse que escolher um, seria M\u00e1rio Soares. Tenho mesmo admira\u00e7\u00e3o pelo doutor M\u00e1rio Soares\u201d, acentuou.<\/p>\n<p class=\"text-paragraph\">Em contraponto, Henrique Gouveia e Melo demarca-se totalmente dos primeiros chefes de Estado da democracia portuguesa, Ant\u00f3nio de Sp\u00ednola e Costa Gomes, ambos militares.<\/p>\n<p class=\"text-paragraph\">\u201cEntraram para a Presid\u00eancia [da Rep\u00fablica] atrav\u00e9s de um golpe militar, ou em resultado de uma revolu\u00e7\u00e3o militar \u2013 e eu tenho uma diferen\u00e7a absoluta em rela\u00e7\u00e3o isso. O pr\u00f3prio general Ramalho Eanes, quando foi eleito pela primeira vez, era um militar no ativo, chefe do Estado-Maior das For\u00e7as Armadas e estava no Conselho de Revolu\u00e7\u00e3o\u201d, assinala.<\/p>\n<p class=\"text-paragraph\">A seguir, procurou vincar diferen\u00e7as em rela\u00e7\u00e3o \u00e0 sua situa\u00e7\u00e3o atual como candidato na corrida a Bel\u00e9m.<\/p>\n<p class=\"text-paragraph\">\u201cSou um civil, tenho muito orgulho no meu passado militar e n\u00e3o me envergonho de nada. Pelo contr\u00e1rio, entendo que \u00e9 uma mais-valia. Mas sou um civil com os direitos c\u00edvicos de todo o cidad\u00e3o\u201d, declara.<\/p>\n<p class=\"text-paragraph\">Gouveia e Melo, neste contexto, diz mesmo que a tese sobre a exist\u00eancia de perigos por ser militar o \u201caborrece\u201d.<\/p>\n<p class=\"text-paragraph\">\u201cN\u00e3o estou aqui porque se est\u00e1 a fazer um golpe militar, ou porque os militares de onde eu sa\u00ed disseram vai para l\u00e1 para fazer um golpe militar. Os militares, se calhar, at\u00e9 preferiam que eu ficasse l\u00e1. Estou aqui como cidad\u00e3o com os mesmos direitos liberdades e garantias e com os mesmos deveres de qualquer outro cidad\u00e3o\u201d, frisa.<\/p>\n<p class=\"text-paragraph\">Queixa-se, tamb\u00e9m, de perguntas que lhe faziam sistematicamente antes de formalizar a sua candidatura a Bel\u00e9m, quest\u00f5es que, na sua perspetiva, tinham subjacente uma esp\u00e9cie de chantagem.<\/p>\n<p class=\"text-paragraph\">\u201cPerguntavam-me: O senhor\u00a0o que vai fazer no futuro? Vai ser pol\u00edtico? Se dissesse sim teria de sair imediatamente das minhas fun\u00e7\u00f5es. Se dissesse n\u00e3o, queriam que isso ficasse marcado. Isso era uma chantagem que me faziam todos os dia \u2013 e eu comecei a dizer nim\u201d. E explicou porqu\u00ea?<\/p>\n<p class=\"text-paragraph\">\u201cN\u00e3o me quis submeter a essa chantagem. Ningu\u00e9m tem o direito de limitar a op\u00e7\u00e3o futura de qualquer pessoa, porque isso n\u00e3o \u00e9 um direito exigido na Constitui\u00e7\u00e3o ou na lei portuguesa a qualquer militar\u201d, acrescenta.<\/p>\n<p class=\"text-paragraph\">Nesta entrevista, Gouveia e Melo relativiza as sondagens, apontando que a verdadeira s\u00f3 ser\u00e1 feita em 18 de janeiro pr\u00f3ximo. Recusa que a sua candidatura tenha sofrido um desgaste nos \u00faltimos meses e justifica alguma quebra pela circunst\u00e2ncia de haver agora candidatos presidenciais \u201cde todos os partidos, praticamente\u201d.<\/p>\n<p class=\"text-paragraph\">\u201cO facto de aparecer um candidato para cada faixa partid\u00e1ria obriga a dividir os votos. Naturalmente, baixei nas sondagens mais por esse efeito do que por efeito de desgaste\u201d, defende.<\/p>\n<p class=\"text-paragraph\">Interrogado se teme ficar apenas com o eleitorado marginal de cada um dos principais partidos, o almirante rejeita essa perspetiva, alegando que \u201ca lealdade partid\u00e1ria hoje n\u00e3o \u00e9 o que era h\u00e1 20 anos\u201d.<\/p>\n<p class=\"text-paragraph\">\u201cOs partidos n\u00e3o s\u00e3o donos das suas \u00e1reas de incid\u00eancia ideol\u00f3gica\u201d, advoga.<\/p>\n<p class=\"text-paragraph\">Do ponto vista pol\u00edtico, Henrique Gouveia e Melo afirma colocar-se\u00a0ao centro e diz que n\u00e3o mudar\u00e1 de estrat\u00e9gia consoante o seu advers\u00e1rio numa eventual segunda volta das presidenciais.<\/p>\n<p class=\"text-paragraph\">\u201cN\u00e3o h\u00e1 nenhuma estrat\u00e9gia espec\u00edfica. Eu estou ao centro. Naturalmente, um candidato de direita que v\u00e1 comigo [\u00e0 segunda volta] vai ter de combater o centro e a esquerda, porque a esquerda n\u00e3o vai votar num candidato de direita. E um candidato de esquerda que v\u00e1 comigo vai ter de\u00a0combater o centro e a direita. Todas as sondagens mostram que ven\u00e7o na segunda volta, mesmo a pior das sondagens\u201d, real\u00e7a.<\/p>\n","protected":false},"excerpt":{"rendered":"O candidato presidencial Gouveia e Melo afirma que M\u00e1rio Soares \u00e9 o seu modelo de Presidente, destaca o&hellip;\n","protected":false},"author":2,"featured_media":115749,"comment_status":"","ping_status":"","sticky":false,"template":"","format":"standard","meta":{"footnotes":""},"categories":[8],"tags":[27,28,15,16,14,25,26,21,22,12,13,19,20,32,23,24,33,17,18,29,30,31],"class_list":{"0":"post-115748","1":"post","2":"type-post","3":"status-publish","4":"format-standard","5":"has-post-thumbnail","7":"category-principais-noticias","8":"tag-breaking-news","9":"tag-breakingnews","10":"tag-featured-news","11":"tag-featurednews","12":"tag-headlines","13":"tag-latest-news","14":"tag-latestnews","15":"tag-main-news","16":"tag-mainnews","17":"tag-news","18":"tag-noticias","19":"tag-noticias-principais","20":"tag-noticiasprincipais","21":"tag-portugal","22":"tag-principais-noticias","23":"tag-principaisnoticias","24":"tag-pt","25":"tag-top-stories","26":"tag-topstories","27":"tag-ultimas","28":"tag-ultimas-noticias","29":"tag-ultimasnoticias"},"share_on_mastodon":{"url":"","error":""},"_links":{"self":[{"href":"https:\/\/www.europesays.com\/pt\/wp-json\/wp\/v2\/posts\/115748","targetHints":{"allow":["GET"]}}],"collection":[{"href":"https:\/\/www.europesays.com\/pt\/wp-json\/wp\/v2\/posts"}],"about":[{"href":"https:\/\/www.europesays.com\/pt\/wp-json\/wp\/v2\/types\/post"}],"author":[{"embeddable":true,"href":"https:\/\/www.europesays.com\/pt\/wp-json\/wp\/v2\/users\/2"}],"replies":[{"embeddable":true,"href":"https:\/\/www.europesays.com\/pt\/wp-json\/wp\/v2\/comments?post=115748"}],"version-history":[{"count":0,"href":"https:\/\/www.europesays.com\/pt\/wp-json\/wp\/v2\/posts\/115748\/revisions"}],"wp:featuredmedia":[{"embeddable":true,"href":"https:\/\/www.europesays.com\/pt\/wp-json\/wp\/v2\/media\/115749"}],"wp:attachment":[{"href":"https:\/\/www.europesays.com\/pt\/wp-json\/wp\/v2\/media?parent=115748"}],"wp:term":[{"taxonomy":"category","embeddable":true,"href":"https:\/\/www.europesays.com\/pt\/wp-json\/wp\/v2\/categories?post=115748"},{"taxonomy":"post_tag","embeddable":true,"href":"https:\/\/www.europesays.com\/pt\/wp-json\/wp\/v2\/tags?post=115748"}],"curies":[{"name":"wp","href":"https:\/\/api.w.org\/{rel}","templated":true}]}}