{"id":115761,"date":"2025-10-18T10:50:09","date_gmt":"2025-10-18T10:50:09","guid":{"rendered":"https:\/\/www.europesays.com\/pt\/115761\/"},"modified":"2025-10-18T10:50:09","modified_gmt":"2025-10-18T10:50:09","slug":"jornal-de-leiria-casa-korrodi-onde-viveu-lino-antonio-vai-dar-lugar-a-edificio-habitacional","status":"publish","type":"post","link":"https:\/\/www.europesays.com\/pt\/115761\/","title":{"rendered":"Jornal de Leiria &#8211; Casa Korrodi onde viveu Lino Ant\u00f3nio vai dar lugar a edif\u00edcio habitacional"},"content":{"rendered":"<p>Desenhada em 1914 por Ernesto Korrodi, a pedido de Lino Concei\u00e7\u00e3o Ant\u00f3nio, dono da antiga Farm\u00e1cia Lino e pai do pintor Lino Ant\u00f3nio, a casa \u2018Vila Maria\u2019, nas traseiras da Nova Leiria, vai dar lugar a um edif\u00edcio habitacional, com dez apartamentos. O projecto, j\u00e1 aprovado pela c\u00e2mara, prev\u00ea a manuten\u00e7\u00e3o da fachada, que ser\u00e1 incorporada no edif\u00edcio.<\/p>\n<p>Natacha Ferreira, arquitecta autora do projecto, alega que n\u00e3o era vi\u00e1vel manter a fun\u00e7\u00e3o de moradia, j\u00e1 que \u201co alinhamento da rua \u00e9 de habita\u00e7\u00e3o colectiva\u201d. \u201cA casa estava completamente afunilada, tal a diferen\u00e7a de c\u00e9rceas das constru\u00e7\u00f5es vizinhas. Ia ser uma casa sombria e com pouca luminosidade\u201d, aponta a t\u00e9cnica, justificando, assim, a op\u00e7\u00e3o por um edif\u00edcio de habita\u00e7\u00e3o colectiva que \u201crespeita o passado, mas que tamb\u00e9m olha para o futuro\u201d.\n                            <\/p>\n<p>            Sabia que pode ser assinante do JORNAL DE LEIRIA por 5 c\u00eantimos por dia? <\/p>\n<p>N\u00e3o perca a oportunidade de ter nas suas m\u00e3os e sem restri\u00e7\u00f5es o retrato di\u00e1rio do que se passa em Leiria.<br \/>\n                Junte-se a n\u00f3s e d\u00ea o seu apoio ao jornalismo de refer\u00eancia do Jornal de Leiria. Torne-se nosso assinante.<\/p>\n","protected":false},"excerpt":{"rendered":"Desenhada em 1914 por Ernesto Korrodi, a pedido de Lino Concei\u00e7\u00e3o Ant\u00f3nio, dono da antiga Farm\u00e1cia Lino e&hellip;\n","protected":false},"author":2,"featured_media":115762,"comment_status":"","ping_status":"","sticky":false,"template":"","format":"standard","meta":{"footnotes":""},"categories":[144],"tags":[207,205,206,203,201,202,27145,204,114,115,5423,27148,32,27146,33,27147],"class_list":{"0":"post-115761","1":"post","2":"type-post","3":"status-publish","4":"format-standard","5":"has-post-thumbnail","7":"category-arte-e-design","8":"tag-arte","9":"tag-arte-e-design","10":"tag-artedesign","11":"tag-arts","12":"tag-arts-and-design","13":"tag-artsanddesign","14":"tag-casa-korrodi","15":"tag-design","16":"tag-entertainment","17":"tag-entretenimento","18":"tag-leiria","19":"tag-lino-antonio","20":"tag-portugal","21":"tag-projecto","22":"tag-pt","23":"tag-vila-maria"},"share_on_mastodon":{"url":"","error":""},"_links":{"self":[{"href":"https:\/\/www.europesays.com\/pt\/wp-json\/wp\/v2\/posts\/115761","targetHints":{"allow":["GET"]}}],"collection":[{"href":"https:\/\/www.europesays.com\/pt\/wp-json\/wp\/v2\/posts"}],"about":[{"href":"https:\/\/www.europesays.com\/pt\/wp-json\/wp\/v2\/types\/post"}],"author":[{"embeddable":true,"href":"https:\/\/www.europesays.com\/pt\/wp-json\/wp\/v2\/users\/2"}],"replies":[{"embeddable":true,"href":"https:\/\/www.europesays.com\/pt\/wp-json\/wp\/v2\/comments?post=115761"}],"version-history":[{"count":0,"href":"https:\/\/www.europesays.com\/pt\/wp-json\/wp\/v2\/posts\/115761\/revisions"}],"wp:featuredmedia":[{"embeddable":true,"href":"https:\/\/www.europesays.com\/pt\/wp-json\/wp\/v2\/media\/115762"}],"wp:attachment":[{"href":"https:\/\/www.europesays.com\/pt\/wp-json\/wp\/v2\/media?parent=115761"}],"wp:term":[{"taxonomy":"category","embeddable":true,"href":"https:\/\/www.europesays.com\/pt\/wp-json\/wp\/v2\/categories?post=115761"},{"taxonomy":"post_tag","embeddable":true,"href":"https:\/\/www.europesays.com\/pt\/wp-json\/wp\/v2\/tags?post=115761"}],"curies":[{"name":"wp","href":"https:\/\/api.w.org\/{rel}","templated":true}]}}