{"id":115768,"date":"2025-10-18T11:02:24","date_gmt":"2025-10-18T11:02:24","guid":{"rendered":"https:\/\/www.europesays.com\/pt\/115768\/"},"modified":"2025-10-18T11:02:24","modified_gmt":"2025-10-18T11:02:24","slug":"centenas-de-pessoas-passam-a-noite-junto-as-instalacoes-da-aima-em-lisboa-para-renovar-visto-de-residencia","status":"publish","type":"post","link":"https:\/\/www.europesays.com\/pt\/115768\/","title":{"rendered":"Centenas de pessoas passam a noite junto \u00e0s instala\u00e7\u00f5es da AIMA em Lisboa para renovar visto de resid\u00eancia"},"content":{"rendered":"<p>Continuam as longas filas de imigrantes \u00e0 porta da AIMA para obter visto de resid\u00eancia. De acordo com a <a href=\"https:\/\/sicnoticias.pt\/pais\/2025-10-16-dezenas-de-pessoas-voltam-a-passar-a-noite-junto-as-instalacoes-da-aima-em-lisboa-dfd60a0b\" target=\"_blank\" rel=\"noopener noreferrer nofollow\">SIC Not\u00edcias<\/a>, as filas na manh\u00e3 desta sexta-feira continuam extensas. \u00c0s 8h, centenas de pessoas aguardavam junto \u00e0 Ag\u00eancia para a Integra\u00e7\u00e3o, Migra\u00e7\u00f5es e Asilo (AIMA). Na quarta-feira, at\u00e9 ao meio-dia, foram atribu\u00eddas 200 senhas, e na quinta-feira, 120.<\/p>\n<p>O ministro da Presid\u00eancia afirmou na quinta-feira que as filas &#8220;n\u00e3o se justificariam&#8221;, alegando que os imigrantes tiveram a possibilidade de tratar dos seus documentos online, e referiu que cerca de 90 mil pessoas j\u00e1 trataram da documenta\u00e7\u00e3o.<\/p>\n<p>Entre os que passam a noite \u00e0 porta da AIMA est\u00e1 Ivania Cabral, natural da Guin\u00e9-Bissau, que explicou \u00e0 Lusa: &#8220;Estou a dormir na rua por causa do meu documento, desde ontem.&#8221;<\/p>\n<p>Ivania veio para Portugal h\u00e1 quase tr\u00eas anos, porque a filha de nove anos sofre de comunica\u00e7\u00e3o interauricular \u2014 um <strong>&#8216;buraco no cora\u00e7\u00e3o&#8217;<\/strong> \u2014 e precisa de tratamento m\u00e9dico que n\u00e3o \u00e9 poss\u00edvel no seu pa\u00eds de origem. Na quarta-feira, Ivania passou a noite junto \u00e0 AIMA, chegou \u00e0s 21h e n\u00e3o conseguiu receber uma senha na manh\u00e3 seguinte, pelo que vai permanecer no local mais uma noite <\/p>\n<p>Outro imigrante presente \u00e9 <strong>Abubacar Seidi<\/strong>, tamb\u00e9m da Guin\u00e9-Bissau, em Portugal h\u00e1 quase um ano. Abubacar veio com o irm\u00e3o para estudar <strong>tecnologia e inform\u00e1tica<\/strong>, mas n\u00e3o conseguiu ingressar nas institui\u00e7\u00f5es porque muitas exigiam o <strong>t\u00edtulo de resid\u00eancia<\/strong>, que ainda n\u00e3o possu\u00edam: &#8220;Foi-nos pedido o cart\u00e3o de resid\u00eancia. Sem ele, n\u00e3o podemos estudar.&#8221;<\/p>\n<p>Abubacar explicou que o pedido de resid\u00eancia foi feito desde fevereiro, seguindo todas as instru\u00e7\u00f5es e enviando emails, mas sem resposta. Por isso, ele e o irm\u00e3o v\u00e3o passar a noite na AIMA.<\/p>\n<p>Entre os que aguardam est\u00e1 tamb\u00e9m <strong>Jaqueline Resende<\/strong>, do Brasil, em Portugal h\u00e1 seis anos. Ela disse que, a partir de hoje, est\u00e1 <strong>ilegal em Portugal<\/strong>, porque o pedido de resid\u00eancia caducou. Para regularizar a situa\u00e7\u00e3o, foi encaminhada para diferentes servi\u00e7os, incluindo a AIMA e o<strong> <\/strong><strong>Instituto de Registos e Notariado (IRN)<\/strong>, que emite documentos como o cart\u00e3o de cidad\u00e3o: &#8220;S\u00f3 recebi um e-mail a dizer que iam enviar-me um recibo de pagamento para fazer o agendamento, mas n\u00e3o consegui concluir. Antes disso, j\u00e1 tinha tentado enviar um e-mail e recebi a resposta de que precisava de ir ao IRN. Cheguei ao IRN e disseram-me que tinha de enviar um e-mail para a AIMA, por isso a situa\u00e7\u00e3o nunca se resolveu.&#8221;<\/p>\n<p>Segundo relatos, a <strong>primeira pessoa a chegar \u00e0 AIMA cria uma lista<\/strong> com a ordem de chegada. Algumas pessoas afirmam que nem conseguem dormir, porque durante a madrugada s\u00e3o feitas chamadas para confirmar quem est\u00e1 na lista; se n\u00e3o houver resposta, o nome \u00e9 riscado.<\/p>\n<p>Por volta das 23h30, a lista tinha 120 nomes, mas apenas cerca de 80 pessoas permaneciam junto ao edif\u00edcio. Alguns imigrantes explicaram que h\u00e1 pessoas que colocam o nome na lista e depois se ausentam, regressando apenas de manh\u00e3.<\/p>\n<p>Na quinta-feira terminou a <strong>\u00faltima prorroga\u00e7\u00e3o administrativa do decreto-lei 10-A\/2020<\/strong>, que reconhecia como v\u00e1lidos os documentos de resid\u00eancia vencidos, o que levou a uma maior procura na AIMA. Nesse dia, mais de 100 pessoas passaram a noite em frente \u00e0s instala\u00e7\u00f5es.<\/p>\n<p>Uma fonte do Governo disse \u00e0 Lusa que, desde que tenham feito o <strong>agendamento e pago a renova\u00e7\u00e3o<\/strong>, os imigrantes t\u00eam o t\u00edtulo v\u00e1lido por <strong>180 dias<\/strong>, mesmo ap\u00f3s a data de quarta-feira.<\/p>\n","protected":false},"excerpt":{"rendered":"Continuam as longas filas de imigrantes \u00e0 porta da AIMA para obter visto de resid\u00eancia. De acordo com&hellip;\n","protected":false},"author":2,"featured_media":115769,"comment_status":"","ping_status":"","sticky":false,"template":"","format":"standard","meta":{"footnotes":""},"categories":[8],"tags":[27,28,15,16,14,25,26,21,22,12,13,19,20,32,23,24,33,17,18,29,30,31],"class_list":{"0":"post-115768","1":"post","2":"type-post","3":"status-publish","4":"format-standard","5":"has-post-thumbnail","7":"category-principais-noticias","8":"tag-breaking-news","9":"tag-breakingnews","10":"tag-featured-news","11":"tag-featurednews","12":"tag-headlines","13":"tag-latest-news","14":"tag-latestnews","15":"tag-main-news","16":"tag-mainnews","17":"tag-news","18":"tag-noticias","19":"tag-noticias-principais","20":"tag-noticiasprincipais","21":"tag-portugal","22":"tag-principais-noticias","23":"tag-principaisnoticias","24":"tag-pt","25":"tag-top-stories","26":"tag-topstories","27":"tag-ultimas","28":"tag-ultimas-noticias","29":"tag-ultimasnoticias"},"share_on_mastodon":{"url":"","error":""},"_links":{"self":[{"href":"https:\/\/www.europesays.com\/pt\/wp-json\/wp\/v2\/posts\/115768","targetHints":{"allow":["GET"]}}],"collection":[{"href":"https:\/\/www.europesays.com\/pt\/wp-json\/wp\/v2\/posts"}],"about":[{"href":"https:\/\/www.europesays.com\/pt\/wp-json\/wp\/v2\/types\/post"}],"author":[{"embeddable":true,"href":"https:\/\/www.europesays.com\/pt\/wp-json\/wp\/v2\/users\/2"}],"replies":[{"embeddable":true,"href":"https:\/\/www.europesays.com\/pt\/wp-json\/wp\/v2\/comments?post=115768"}],"version-history":[{"count":0,"href":"https:\/\/www.europesays.com\/pt\/wp-json\/wp\/v2\/posts\/115768\/revisions"}],"wp:featuredmedia":[{"embeddable":true,"href":"https:\/\/www.europesays.com\/pt\/wp-json\/wp\/v2\/media\/115769"}],"wp:attachment":[{"href":"https:\/\/www.europesays.com\/pt\/wp-json\/wp\/v2\/media?parent=115768"}],"wp:term":[{"taxonomy":"category","embeddable":true,"href":"https:\/\/www.europesays.com\/pt\/wp-json\/wp\/v2\/categories?post=115768"},{"taxonomy":"post_tag","embeddable":true,"href":"https:\/\/www.europesays.com\/pt\/wp-json\/wp\/v2\/tags?post=115768"}],"curies":[{"name":"wp","href":"https:\/\/api.w.org\/{rel}","templated":true}]}}