{"id":115777,"date":"2025-10-18T11:16:19","date_gmt":"2025-10-18T11:16:19","guid":{"rendered":"https:\/\/www.europesays.com\/pt\/115777\/"},"modified":"2025-10-18T11:16:19","modified_gmt":"2025-10-18T11:16:19","slug":"ultimos-comboios-comprados-pela-cp-so-chegam-daqui-a-oito-anos","status":"publish","type":"post","link":"https:\/\/www.europesays.com\/pt\/115777\/","title":{"rendered":"\u00daltimos comboios comprados pela CP s\u00f3 chegam daqui a oito anos"},"content":{"rendered":"<p>Quatro anos depois da Resolu\u00e7\u00e3o do Conselho de Ministros que aprovou o Plano de Investimento em Material Circulante Ferrovi\u00e1rio para a CP, num processo com sucessivos entraves, o contrato com o cons\u00f3rcio franc\u00eas <a href=\"https:\/\/www.jn.pt\/nacional\/artigo\/maior-compra-de-sempre-de-comboios-garante-300-empregos-em-matosinhos\/18009685\" target=\"_blank\" rel=\"nofollow noopener\">foi finalmente assinado<\/a>. Al\u00e9m da compra de 117 automotoras el\u00e9tricas (62 urbanas e 55 regionais), o caderno de encargos firmado com a Alstom\/DST prev\u00ea ainda a op\u00e7\u00e3o de compra de mais 36, que a Resolu\u00e7\u00e3o de Ministros n.\u00ba 141-A\/2025, de 22 de setembro &#8220;considera urgente&#8221; a CP ativar, com vista a &#8220;mitigar os atrasos j\u00e1 decorridos&#8221;.<\/p>\n<p data-remotead-prev-elm=\"true\" data-remotead-elm-id=\"inread\">Ao JN, o Minist\u00e9rio das Infraestruturas e Habita\u00e7\u00e3o (MIH) adiantou que a primeira automotora ser\u00e1 entregue no primeiro trimestre de 2029, &#8220;estando prevista a entrega das 117 nos 40 meses subsequentes, e das 36 [adicionais] nos 12 meses posteriores a estes 40 meses&#8221;. Contas feitas, o \u00faltimo comboio s\u00f3 dever\u00e1 chegar daqui a oito anos, no ver\u00e3o de 2033. A Resolu\u00e7\u00e3o do Conselho de Ministros prev\u00ea &#8220;o desenvolvimento de esfor\u00e7os para a antecipa\u00e7\u00e3o poss\u00edvel do calend\u00e1rio de entregas&#8221;.<\/p>\n<p>Acesso exclusivo a assinantes<\/p>\n<p>Acesso ilimitado a conte\u00fados exclusivos<\/p>\n<p>Navega\u00e7\u00e3o sem publicidade intrusiva<\/p>\n<p>Vers\u00e3o digital do jornal, suplementos e revistas<\/p>\n","protected":false},"excerpt":{"rendered":"Quatro anos depois da Resolu\u00e7\u00e3o do Conselho de Ministros que aprovou o Plano de Investimento em Material Circulante&hellip;\n","protected":false},"author":2,"featured_media":115778,"comment_status":"","ping_status":"","sticky":false,"template":"","format":"standard","meta":{"footnotes":""},"categories":[8],"tags":[27,28,13858,14671,15,16,19835,14,25,26,21,22,18650,619,12,13,19,20,32,23,24,33,17,18,29,30,31],"class_list":{"0":"post-115777","1":"post","2":"type-post","3":"status-publish","4":"format-standard","5":"has-post-thumbnail","7":"category-principais-noticias","8":"tag-breaking-news","9":"tag-breakingnews","10":"tag-comboios","11":"tag-cp","12":"tag-featured-news","13":"tag-featurednews","14":"tag-ferrovia","15":"tag-headlines","16":"tag-latest-news","17":"tag-latestnews","18":"tag-main-news","19":"tag-mainnews","20":"tag-ministerio-das-infraestruturas","21":"tag-nacional","22":"tag-news","23":"tag-noticias","24":"tag-noticias-principais","25":"tag-noticiasprincipais","26":"tag-portugal","27":"tag-principais-noticias","28":"tag-principaisnoticias","29":"tag-pt","30":"tag-top-stories","31":"tag-topstories","32":"tag-ultimas","33":"tag-ultimas-noticias","34":"tag-ultimasnoticias"},"share_on_mastodon":{"url":"","error":""},"_links":{"self":[{"href":"https:\/\/www.europesays.com\/pt\/wp-json\/wp\/v2\/posts\/115777","targetHints":{"allow":["GET"]}}],"collection":[{"href":"https:\/\/www.europesays.com\/pt\/wp-json\/wp\/v2\/posts"}],"about":[{"href":"https:\/\/www.europesays.com\/pt\/wp-json\/wp\/v2\/types\/post"}],"author":[{"embeddable":true,"href":"https:\/\/www.europesays.com\/pt\/wp-json\/wp\/v2\/users\/2"}],"replies":[{"embeddable":true,"href":"https:\/\/www.europesays.com\/pt\/wp-json\/wp\/v2\/comments?post=115777"}],"version-history":[{"count":0,"href":"https:\/\/www.europesays.com\/pt\/wp-json\/wp\/v2\/posts\/115777\/revisions"}],"wp:featuredmedia":[{"embeddable":true,"href":"https:\/\/www.europesays.com\/pt\/wp-json\/wp\/v2\/media\/115778"}],"wp:attachment":[{"href":"https:\/\/www.europesays.com\/pt\/wp-json\/wp\/v2\/media?parent=115777"}],"wp:term":[{"taxonomy":"category","embeddable":true,"href":"https:\/\/www.europesays.com\/pt\/wp-json\/wp\/v2\/categories?post=115777"},{"taxonomy":"post_tag","embeddable":true,"href":"https:\/\/www.europesays.com\/pt\/wp-json\/wp\/v2\/tags?post=115777"}],"curies":[{"name":"wp","href":"https:\/\/api.w.org\/{rel}","templated":true}]}}