{"id":115781,"date":"2025-10-18T11:20:10","date_gmt":"2025-10-18T11:20:10","guid":{"rendered":"https:\/\/www.europesays.com\/pt\/115781\/"},"modified":"2025-10-18T11:20:10","modified_gmt":"2025-10-18T11:20:10","slug":"surpreenda-os-peoes-escolha-o-proximo-poder-da-chama-laranja-de-a-fazenda-17-record","status":"publish","type":"post","link":"https:\/\/www.europesays.com\/pt\/115781\/","title":{"rendered":"Surpreenda os pe\u00f5es! Escolha o pr\u00f3ximo Poder da Chama Laranja de A Fazenda 17 \u2013 Record"},"content":{"rendered":"<p><img decoding=\"async\" data-chromatic=\"ignore\" alt=\"\" class=\"c-image\" loading=\"lazy\" src=\"https:\/\/www.europesays.com\/pt\/wp-content\/uploads\/2025\/10\/6ER5XUMF5RDXVEIT6G2TXWOCXU.png\"  width=\"677\" height=\"339\"\/>Voc\u00ea \u00e9 a favor do fogo no feno como Galisteu? Reprodu\u00e7\u00e3o\/Instagram <\/p>\n<p class=\"jarvics:base-text-neutral-high-400 base-text-[calc(theme(fontSize.xs)_*_var(--font-size,_1))] base-font-normal base-font-primary base-text-neutral-low-500 base-text-left\">A previs\u00e3o do tempo para os pr\u00f3ximos dias em Itapecerica da Serra \u00e9 de clima tenso entre os pe\u00f5es! Al\u00e9m de acompanhar tudo, voc\u00ea pode decidir como manter a chama do entretenimento acesa em <a href=\"https:\/\/record.r7.com\/a-fazenda\/a-fazenda-17\/\" rel=\"nofollow noopener\" title=\"https:\/\/record.r7.com\/a-fazenda\/a-fazenda-17\/\" target=\"_blank\"><b>A Fazenda 17<\/b><\/a><\/p>\n<p class=\"jarvics:base-text-neutral-high-400 base-text-[calc(theme(fontSize.xs)_*_var(--font-size,_1))] base-font-normal base-font-primary base-text-neutral-low-500 base-text-left\">A vota\u00e7\u00e3o para escolher o pr\u00f3ximo Poder da Chama Laranja est\u00e1 aberta e a op\u00e7\u00e3o mais votada vai agitar o deck na forma\u00e7\u00e3o da quinta Ro\u00e7a da temporada. <\/p>\n<p class=\"jarvics:base-text-neutral-high-400 base-text-[calc(theme(fontSize.xs)_*_var(--font-size,_1))] base-font-normal base-font-primary base-text-neutral-low-500 base-text-left\"><b>Quer ficar por dentro de tudo que est\u00e1 acontecendo em <\/b><b>A Fazenda 17<\/b><b>? <\/b><a href=\"https:\/\/www.whatsapp.com\/channel\/0029Va2cJIR1noz2ahzX0D1N\" rel=\"nofollow noopener\" title=\"https:\/\/www.whatsapp.com\/channel\/0029Va2cJIR1noz2ahzX0D1N\" target=\"_blank\"><b>Clique aqui<\/b><\/a><b> e fa\u00e7a parte do nosso canal no WhatsApp!<\/b><\/p>\n<p class=\"jarvics:base-text-neutral-high-400 base-text-[calc(theme(fontSize.xs)_*_var(--font-size,_1))] base-font-normal base-font-primary base-text-neutral-low-500 base-text-left\">Nesta sexta (17), Adriane Galisteu abriu a vota\u00e7\u00e3o e voc\u00ea n\u00e3o pode ficar de fora dessa!<\/p>\n<p class=\"jarvics:base-text-neutral-high-400 base-text-[calc(theme(fontSize.xs)_*_var(--font-size,_1))] base-font-normal base-font-primary base-text-neutral-low-500 base-text-left\"><b>Confira as op\u00e7\u00f5es:<\/b><\/p>\n<p class=\"jarvics:base-text-neutral-high-400 base-text-[calc(theme(fontSize.xs)_*_var(--font-size,_1))] base-font-normal base-font-primary base-text-neutral-low-500 base-text-left\">A) Hoje \u00e9 voc\u00ea quem veta um dos quatro roceiros da Prova do Fazendeiro <\/p>\n<p class=\"jarvics:base-text-neutral-high-400 base-text-[calc(theme(fontSize.xs)_*_var(--font-size,_1))] base-font-normal base-font-primary base-text-neutral-low-500 base-text-left\">B) Voc\u00ea deve escolher dois pe\u00f5es da Baia. Eles tamb\u00e9m estar\u00e3o dispon\u00edveis para a vota\u00e7\u00e3o cara a cara<\/p>\n<p class=\"jarvics:base-text-neutral-high-400 base-text-[calc(theme(fontSize.xs)_*_var(--font-size,_1))] base-font-normal base-font-primary base-text-neutral-low-500 base-text-left\">J\u00e1 decidiu a op\u00e7\u00e3o mais bomb\u00e1stica? Clique <a href=\"https:\/\/record.r7.com\/a-fazenda\/a-fazenda-17\/enquetes\/qual-deve-ser-o-poder-da-chama-laranja-18102025\/\" target=\"_blank\" rel=\"noreferrer nofollow noopener\" title=\"https:\/\/record.r7.com\/a-fazenda\/a-fazenda-17\/enquetes\/qual-deve-ser-o-poder-da-chama-laranja-18102025\/\"><b>aqui<\/b><\/a> e vote agora!<\/p>\n<p class=\"jarvics:base-text-neutral-high-400 base-text-[calc(theme(fontSize.xs)_*_var(--font-size,_1))] base-font-normal base-font-primary base-text-neutral-low-500 base-text-left\">Fique ligado! <a href=\"https:\/\/record.r7.com\/a-fazenda\/a-fazenda-17\/\" rel=\"nofollow noopener\" title=\"https:\/\/record.r7.com\/a-fazenda\/a-fazenda-17\/\" target=\"_blank\"><b>A Fazenda 17<\/b><\/a> vai ao ar de segunda a domingo, \u00e0s 22h30, na tela da <a href=\"https:\/\/record.r7.com\/\" rel=\"nofollow noopener\" target=\"_blank\"><b>RECORD<\/b><\/a>. Assine o <a href=\"https:\/\/www.recordplus.com\/home\" rel=\"nofollow noopener\" title=\"https:\/\/www.recordplus.com\/home\" target=\"_blank\"><b>RecordPlus<\/b><\/a> e tenha acesso \u00e0s c\u00e2meras 24 horas.<\/p>\n<p><b>Deboche e vingan\u00e7a! Matheus Martins acaba com ex-aliados na delega\u00e7\u00e3o do Fazendeiro<\/b><\/p>\n<p class=\"jarvics:base-text-neutral-high-400 base-text-[calc(theme(fontSize.xxs)_*_var(--font-size,_1))] base-font-semibold base-font-primary base-text-neutral-low-500 base-text-left\">O amor virou ran\u00e7o em A Fazenda 17! Matheus Martins usou sua vers\u00e3o debochada para se vingar dos ex-aliados. Rolou pegadinha e muita festa no Grup\u00e3o. Confira! <\/p>\n","protected":false},"excerpt":{"rendered":"Voc\u00ea \u00e9 a favor do fogo no feno como Galisteu? Reprodu\u00e7\u00e3o\/Instagram A previs\u00e3o do tempo para os pr\u00f3ximos&hellip;\n","protected":false},"author":2,"featured_media":115782,"comment_status":"","ping_status":"","sticky":false,"template":"","format":"standard","meta":{"footnotes":""},"categories":[142],"tags":[657,114,115,32,33,151],"class_list":{"0":"post-115781","1":"post","2":"type-post","3":"status-publish","4":"format-standard","5":"has-post-thumbnail","7":"category-tv","8":"tag-a-fazenda","9":"tag-entertainment","10":"tag-entretenimento","11":"tag-portugal","12":"tag-pt","13":"tag-tv"},"share_on_mastodon":{"url":"","error":""},"_links":{"self":[{"href":"https:\/\/www.europesays.com\/pt\/wp-json\/wp\/v2\/posts\/115781","targetHints":{"allow":["GET"]}}],"collection":[{"href":"https:\/\/www.europesays.com\/pt\/wp-json\/wp\/v2\/posts"}],"about":[{"href":"https:\/\/www.europesays.com\/pt\/wp-json\/wp\/v2\/types\/post"}],"author":[{"embeddable":true,"href":"https:\/\/www.europesays.com\/pt\/wp-json\/wp\/v2\/users\/2"}],"replies":[{"embeddable":true,"href":"https:\/\/www.europesays.com\/pt\/wp-json\/wp\/v2\/comments?post=115781"}],"version-history":[{"count":0,"href":"https:\/\/www.europesays.com\/pt\/wp-json\/wp\/v2\/posts\/115781\/revisions"}],"wp:featuredmedia":[{"embeddable":true,"href":"https:\/\/www.europesays.com\/pt\/wp-json\/wp\/v2\/media\/115782"}],"wp:attachment":[{"href":"https:\/\/www.europesays.com\/pt\/wp-json\/wp\/v2\/media?parent=115781"}],"wp:term":[{"taxonomy":"category","embeddable":true,"href":"https:\/\/www.europesays.com\/pt\/wp-json\/wp\/v2\/categories?post=115781"},{"taxonomy":"post_tag","embeddable":true,"href":"https:\/\/www.europesays.com\/pt\/wp-json\/wp\/v2\/tags?post=115781"}],"curies":[{"name":"wp","href":"https:\/\/api.w.org\/{rel}","templated":true}]}}