{"id":115785,"date":"2025-10-18T11:29:13","date_gmt":"2025-10-18T11:29:13","guid":{"rendered":"https:\/\/www.europesays.com\/pt\/115785\/"},"modified":"2025-10-18T11:29:13","modified_gmt":"2025-10-18T11:29:13","slug":"em-casa-de-iva-domingues-e-impossivel-nao-reparar-no-candeeiro","status":"publish","type":"post","link":"https:\/\/www.europesays.com\/pt\/115785\/","title":{"rendered":"Em casa de Iva Domingues, \u00e9 imposs\u00edvel n\u00e3o reparar no candeeiro"},"content":{"rendered":"<p>Quase todos os portugueses <a href=\"https:\/\/versa.iol.pt\/moda\/karl-lagerfeld\/sera-que-iva-domingues-foi-a-mango-antes-da-grande-noite-em-paris\/20240605\/66601fa8d34ebf9bbb3e48ef\" rel=\"nofollow noopener\" target=\"_blank\">conhecem Iva Domingues<\/a>. Tem mais de 20 anos de carreira e \u00e9 companhia no pequeno ecr\u00e3. Conhecemos, no entanto, muito pouco sobre a sua casa, mas, recentemente, a apresentadora deixou-nos espreitar o espa\u00e7o onde vive e fic\u00e1mos curiosos.\u00a0<\/p>\n<p>Iva Domingues partilhou, no Instagram, um pequeno v\u00eddeo gravado ao espelho em que mostra o look e a maquilhagem, mas os nossos olhos foram para o arm\u00e1rio que tem em casa, mais especificamente, o candeeiro de mesa.\u00a0<\/p>\n<p>Trata-se de uma pe\u00e7a que chama a aten\u00e7\u00e3o por v\u00e1rios motivos como, por exemplo, a cor. \u00c9 dourado muito brilhante e dificilmente passa despercebido. Tamb\u00e9m n\u00e3o conseguimos ignorar o formato de cogumelo, um design simples e que est\u00e1, sem d\u00favida, entre as tend\u00eancias de decora\u00e7\u00e3o neste momento.<\/p>\n<p>Basta olhares para as cole\u00e7\u00f5es de <a href=\"https:\/\/versa.iol.pt\/zara\/casa\/o-artigo-improvavel-que-encontramos-no-catalogo-da-zara-home\/20250601\/6835d83ed34ef72ee4468142\" rel=\"nofollow noopener\" target=\"_blank\">marcas como a Zara Home<\/a> para encontrares diferentes objetos em forma de cogumelo desde pratos a velas e, claro, candeeiros. Tamb\u00e9m chegaram, ali\u00e1s, <a href=\"https:\/\/versa.iol.pt\/primark\/ikea\/depois-da-ikea-a-febre-por-estes-candeeiros-continua-na-primark\/20250711\/686cceafd34ef72ee4481105\" rel=\"nofollow noopener\" target=\"_blank\">aos cat\u00e1logos de marcas como a Primark ou a Ikea e fazem muito sucesso em ambas<\/a>.\u00a0<\/p>\n<p>J\u00e1 o da apresentadora parece ser da\u00a0H\u00fcbsch, marca dinamarquesa de decora\u00e7\u00e3o, e est\u00e1 dispon\u00edvel na loja online da <a href=\"https:\/\/www2.hm.com\/pt_pt\/productpage.1291386002.html\" target=\"_blank\" rel=\"nofollow noopener\">H&amp;M<\/a>. \u00c9 o\u00a0Abajur Mush, um nome que faz refer\u00eancia ao formato, e custa \u20ac239. Para al\u00e9m da vers\u00e3o dourada, encontras ainda uma op\u00e7\u00e3o em preto, ambos s\u00e3o feitos de metal.<\/p>\n<p>Espreita a galeria de imagens para ficares a conhecer melhor este candeeiro e outras sugest\u00f5es que reunimos a pensar em ti (e na tua casa).<\/p>\n","protected":false},"excerpt":{"rendered":"Quase todos os portugueses conhecem Iva Domingues. Tem mais de 20 anos de carreira e \u00e9 companhia no&hellip;\n","protected":false},"author":2,"featured_media":115786,"comment_status":"","ping_status":"","sticky":false,"template":"","format":"standard","meta":{"footnotes":""},"categories":[85],"tags":[1081,27152,2019,204,114,115,754,8601,186,1079,32,33,1078,1080],"class_list":{"0":"post-115785","1":"post","2":"type-post","3":"status-publish","4":"format-standard","5":"has-post-thumbnail","7":"category-entretenimento","8":"tag-beleza","9":"tag-candeeiros","10":"tag-casa","11":"tag-design","12":"tag-entertainment","13":"tag-entretenimento","14":"tag-gastronomia","15":"tag-iva-domingues","16":"tag-lifestyle","17":"tag-moda","18":"tag-portugal","19":"tag-pt","20":"tag-versa","21":"tag-viagens"},"share_on_mastodon":{"url":"","error":""},"_links":{"self":[{"href":"https:\/\/www.europesays.com\/pt\/wp-json\/wp\/v2\/posts\/115785","targetHints":{"allow":["GET"]}}],"collection":[{"href":"https:\/\/www.europesays.com\/pt\/wp-json\/wp\/v2\/posts"}],"about":[{"href":"https:\/\/www.europesays.com\/pt\/wp-json\/wp\/v2\/types\/post"}],"author":[{"embeddable":true,"href":"https:\/\/www.europesays.com\/pt\/wp-json\/wp\/v2\/users\/2"}],"replies":[{"embeddable":true,"href":"https:\/\/www.europesays.com\/pt\/wp-json\/wp\/v2\/comments?post=115785"}],"version-history":[{"count":0,"href":"https:\/\/www.europesays.com\/pt\/wp-json\/wp\/v2\/posts\/115785\/revisions"}],"wp:featuredmedia":[{"embeddable":true,"href":"https:\/\/www.europesays.com\/pt\/wp-json\/wp\/v2\/media\/115786"}],"wp:attachment":[{"href":"https:\/\/www.europesays.com\/pt\/wp-json\/wp\/v2\/media?parent=115785"}],"wp:term":[{"taxonomy":"category","embeddable":true,"href":"https:\/\/www.europesays.com\/pt\/wp-json\/wp\/v2\/categories?post=115785"},{"taxonomy":"post_tag","embeddable":true,"href":"https:\/\/www.europesays.com\/pt\/wp-json\/wp\/v2\/tags?post=115785"}],"curies":[{"name":"wp","href":"https:\/\/api.w.org\/{rel}","templated":true}]}}