{"id":115791,"date":"2025-10-18T11:32:23","date_gmt":"2025-10-18T11:32:23","guid":{"rendered":"https:\/\/www.europesays.com\/pt\/115791\/"},"modified":"2025-10-18T11:32:23","modified_gmt":"2025-10-18T11:32:23","slug":"peso-argentino-sofre-nova-queda-apesar-da-ajuda-norte-americana","status":"publish","type":"post","link":"https:\/\/www.europesays.com\/pt\/115791\/","title":{"rendered":"Peso argentino sofre nova queda apesar da ajuda norte-americana"},"content":{"rendered":"<p>                    <b>Ap\u00f3s uma forte recupera\u00e7\u00e3o a meio da semana, face ao an\u00fancio do Tesouro dos EUA de um novo pacote de apoio \u00e0 economia argentina, o peso voltou a registar perdas esta sexta-feira.<\/b><\/p>\n<p>Uma hora ap\u00f3s a primeira sess\u00e3o de negocia\u00e7\u00e3o em Buenos Aires, a moeda argentina negociava a 1.465 pesos por d\u00f3lar, em compara\u00e7\u00e3o com os 1.430 do dia anterior.<\/p>\n<p><b>A economia argentina est\u00e1 a enfrentar um per\u00edodo de turbul\u00eancia h\u00e1 v\u00e1rias semanas, \u00e0 medida que se aproximam as elei\u00e7\u00f5es legislativas intercalares, marcadas para 26 de outubro.<\/b> O presidente Javier Milei enfrenta uma crise pol\u00edtica dentro do seu pr\u00f3prio partido de extrema-direita, La Libertad Avanza, e paira uma incerteza sobre se Milei vai conseguir concluir com sucesso as suas reformas.<\/p>\n<p><b>Nas \u00faltimas semanas, os Estados Unidos anunciaram v\u00e1rias etapas de ajuda financeira ao governo de Milei. <\/b>Na semana passada, os Estados Unidos come\u00e7aram a comprar pesos argentinos para injetar liquidez em d\u00f3lares na segunda economia da Am\u00e9rica do Sul. Ao comprar pesos argentinos, os EUA conseguiram concluir um acordo com o Banco Central da Argentina, o swap cambial.<\/p>\n<p><b>J\u00e1 esta quarta-feira, o secret\u00e1rio do Tesouro dos EUA, Scott Bessent, anunciou que estava a trabalhar num pacote de 20 mil milh\u00f5es de d\u00f3lares (cerca de 17 mil milh\u00f5es de euros) com bancos privados e fundos soberanos, que seria &#8220;mais focado no mercado de d\u00edvida argentino&#8221;. <\/b>Isto elevaria o apoio total dos EUA \u00e0 Argentina para 40 mil milh\u00f5es de d\u00f3lares.<\/p>\n<p>Donald Trump, que recebeu Javier Milei na Casa Branca na ter\u00e7a-feira, reiterou o seu apoio ao aliado ideol\u00f3gico na Am\u00e9rica Latina e avisou que os Estados Unidos &#8220;n\u00e3o seriam generosos&#8221; para a Argentina se Milei &#8220;n\u00e3o ganhasse&#8221; as elei\u00e7\u00f5es intercalares.<\/p>\n<p><b>O secret\u00e1rio do Tesouro esclareceu, posteriormente, que os EUA continuar\u00e3o a apoiar financeiramente a Argentina enquanto o Governo de Milei adotar \u201cboas pol\u00edticas\u201d, independentemente do resultado das elei\u00e7\u00f5es.<\/b><\/p>\n<p>Javier Milei declararia em diversas ocasi\u00f5es que o apoio financeiro norte-americano est\u00e1 garantido at\u00e9 ao final do seu mandato, &#8220;at\u00e9 2027&#8221;.&#13;<\/p>\n","protected":false},"excerpt":{"rendered":"Ap\u00f3s uma forte recupera\u00e7\u00e3o a meio da semana, face ao an\u00fancio do Tesouro dos EUA de um novo&hellip;\n","protected":false},"author":2,"featured_media":115792,"comment_status":"","ping_status":"","sticky":false,"template":"","format":"standard","meta":{"footnotes":""},"categories":[50],"tags":[2424,27,28,413,15,16,14,27154,25,26,21,22,27153,62,12,13,19,20,3571,23,24,17,18,29,30,31,63,64,65],"class_list":{"0":"post-115791","1":"post","2":"type-post","3":"status-publish","4":"format-standard","5":"has-post-thumbnail","7":"category-mundo","8":"tag-argentina","9":"tag-breaking-news","10":"tag-breakingnews","11":"tag-eua","12":"tag-featured-news","13":"tag-featurednews","14":"tag-headlines","15":"tag-jarvier-milei","16":"tag-latest-news","17":"tag-latestnews","18":"tag-main-news","19":"tag-mainnews","20":"tag-moeda","21":"tag-mundo","22":"tag-news","23":"tag-noticias","24":"tag-noticias-principais","25":"tag-noticiasprincipais","26":"tag-peso","27":"tag-principais-noticias","28":"tag-principaisnoticias","29":"tag-top-stories","30":"tag-topstories","31":"tag-ultimas","32":"tag-ultimas-noticias","33":"tag-ultimasnoticias","34":"tag-world","35":"tag-world-news","36":"tag-worldnews"},"share_on_mastodon":{"url":"","error":""},"_links":{"self":[{"href":"https:\/\/www.europesays.com\/pt\/wp-json\/wp\/v2\/posts\/115791","targetHints":{"allow":["GET"]}}],"collection":[{"href":"https:\/\/www.europesays.com\/pt\/wp-json\/wp\/v2\/posts"}],"about":[{"href":"https:\/\/www.europesays.com\/pt\/wp-json\/wp\/v2\/types\/post"}],"author":[{"embeddable":true,"href":"https:\/\/www.europesays.com\/pt\/wp-json\/wp\/v2\/users\/2"}],"replies":[{"embeddable":true,"href":"https:\/\/www.europesays.com\/pt\/wp-json\/wp\/v2\/comments?post=115791"}],"version-history":[{"count":0,"href":"https:\/\/www.europesays.com\/pt\/wp-json\/wp\/v2\/posts\/115791\/revisions"}],"wp:featuredmedia":[{"embeddable":true,"href":"https:\/\/www.europesays.com\/pt\/wp-json\/wp\/v2\/media\/115792"}],"wp:attachment":[{"href":"https:\/\/www.europesays.com\/pt\/wp-json\/wp\/v2\/media?parent=115791"}],"wp:term":[{"taxonomy":"category","embeddable":true,"href":"https:\/\/www.europesays.com\/pt\/wp-json\/wp\/v2\/categories?post=115791"},{"taxonomy":"post_tag","embeddable":true,"href":"https:\/\/www.europesays.com\/pt\/wp-json\/wp\/v2\/tags?post=115791"}],"curies":[{"name":"wp","href":"https:\/\/api.w.org\/{rel}","templated":true}]}}