{"id":115795,"date":"2025-10-18T11:35:08","date_gmt":"2025-10-18T11:35:08","guid":{"rendered":"https:\/\/www.europesays.com\/pt\/115795\/"},"modified":"2025-10-18T11:35:08","modified_gmt":"2025-10-18T11:35:08","slug":"cebolinha-da-vida-real-de-77-anos-nao-fala-mais-errado-17-10-2025-ilustrada","status":"publish","type":"post","link":"https:\/\/www.europesays.com\/pt\/115795\/","title":{"rendered":"Cebolinha da vida real, de 77 anos, n\u00e3o fala mais errado &#8211; 17\/10\/2025 &#8211; Ilustrada"},"content":{"rendered":"<p>O Cebolinha da vida real se chama Luiz Carlos da Cruz, tem 77 anos, vive em <a href=\"https:\/\/www1.folha.uol.com.br\/turismo\/2025\/02\/sao-sebastiao-com-abundancia-de-praias-e-trilhas-e-uma-boa-o-ano-todo.shtml\" rel=\"nofollow noopener\" target=\"\">S\u00e3o Sebasti\u00e3o<\/a>, no litoral de S\u00e3o Paulo com sua mulher, Teresa. Os dois se mudaram h\u00e1 quatro anos de <a href=\"https:\/\/fotografia.folha.uol.com.br\/galerias\/1843559625621900-veja-mancha-de-poluicao-no-rio-tiete-na-regiao-de-mogi-das-cruzes\" rel=\"nofollow noopener\" target=\"\">Mogi das Cruzes<\/a>, onde conheceram <a href=\"https:\/\/www1.folha.uol.com.br\/folha-topicos\/mauricio-de-sousa\/\" rel=\"nofollow noopener\" target=\"\">Mauricio de Sousa<\/a>, encontro que mudaria para sempre a vida daquele rapaz que falava tudo &#8220;elado&#8221;, ou melhor, errado.<\/p>\n<p>Seu Cebola, como insiste em ser chamado, n\u00e3o troca mais a letra &#8220;R&#8221; pelo &#8220;L&#8221;, como fazia quando crian\u00e7a e faz at\u00e9 hoje nas p\u00e1ginas da &#8220;Turma da M\u00f4nica&#8221;. Exceto se fica muito nervoso, ele superou a dislalia, dist\u00farbio de fala que virou a marca do personagem nos gibis.<\/p>\n<p>O apelido surgiu da cabe\u00e7a de Antonio Mauricio de Sousa, o pai do quadrinista, que tinha uma barbearia em Mogi das Cruzes, na d\u00e9cada de 1950, quando Luiz Carlos da Cruz era moleque. Seu cabelo, todo arrepiado, fazia o homem lembrar uma cebola. &#8220;Quando eu tinha sete anos, ele passou \u00f3leo de comida na minha cabe\u00e7a. Da\u00ed assentou os fios&#8221;, ele lembra.<\/p>\n<p>Treze anos mais novo que Mauricio de Sousa, que completa 90 agora, Cebola brincava vez ou outra com ele. Seu neg\u00f3cio mesmo era com o irm\u00e3o do quadrinista, Marcio Araujo, que tinha a idade mais pr\u00f3xima da sua. Em meio \u00e0 molecada estava tamb\u00e9m Jair, menino que detestava banho e nas p\u00e1ginas virou o Casc\u00e3o.<\/p>\n<p>&#8220;Quando Mauricio me desenhou pela primeira vez eu fui contra, xinguei todo mundo. Da\u00ed o pai dele me p\u00f4s de castigo. Acho que n\u00e3o gostei do cabelo, me senti sendo zoado.&#8221;<\/p>\n<p>Mas isso passou. Seu Cebola virou celebridade local e diz que \u00e9 grato pelo personagem. Apesar de n\u00e3o se verem h\u00e1 anos, Mauricio manda dinheiro para ajudar a pagar o plano de sa\u00fade dele, que sofre com diabetes e press\u00e3o alta.<\/p>\n","protected":false},"excerpt":{"rendered":"O Cebolinha da vida real se chama Luiz Carlos da Cruz, tem 77 anos, vive em S\u00e3o Sebasti\u00e3o,&hellip;\n","protected":false},"author":2,"featured_media":115796,"comment_status":"","ping_status":"","sticky":false,"template":"","format":"standard","meta":{"footnotes":""},"categories":[145],"tags":[13446,211,210,114,115,236,24874,17261,32,33,793,24875],"class_list":{"0":"post-115795","1":"post","2":"type-post","3":"status-publish","4":"format-standard","5":"has-post-thumbnail","7":"category-celebridades","8":"tag-cartunista","9":"tag-celebridades","10":"tag-celebrities","11":"tag-entertainment","12":"tag-entretenimento","13":"tag-folha","14":"tag-mauricio-de-sousa","15":"tag-personagens","16":"tag-portugal","17":"tag-pt","18":"tag-quadrinhos","19":"tag-turma-da-monica"},"share_on_mastodon":{"url":"","error":""},"_links":{"self":[{"href":"https:\/\/www.europesays.com\/pt\/wp-json\/wp\/v2\/posts\/115795","targetHints":{"allow":["GET"]}}],"collection":[{"href":"https:\/\/www.europesays.com\/pt\/wp-json\/wp\/v2\/posts"}],"about":[{"href":"https:\/\/www.europesays.com\/pt\/wp-json\/wp\/v2\/types\/post"}],"author":[{"embeddable":true,"href":"https:\/\/www.europesays.com\/pt\/wp-json\/wp\/v2\/users\/2"}],"replies":[{"embeddable":true,"href":"https:\/\/www.europesays.com\/pt\/wp-json\/wp\/v2\/comments?post=115795"}],"version-history":[{"count":0,"href":"https:\/\/www.europesays.com\/pt\/wp-json\/wp\/v2\/posts\/115795\/revisions"}],"wp:featuredmedia":[{"embeddable":true,"href":"https:\/\/www.europesays.com\/pt\/wp-json\/wp\/v2\/media\/115796"}],"wp:attachment":[{"href":"https:\/\/www.europesays.com\/pt\/wp-json\/wp\/v2\/media?parent=115795"}],"wp:term":[{"taxonomy":"category","embeddable":true,"href":"https:\/\/www.europesays.com\/pt\/wp-json\/wp\/v2\/categories?post=115795"},{"taxonomy":"post_tag","embeddable":true,"href":"https:\/\/www.europesays.com\/pt\/wp-json\/wp\/v2\/tags?post=115795"}],"curies":[{"name":"wp","href":"https:\/\/api.w.org\/{rel}","templated":true}]}}