{"id":115797,"date":"2025-10-18T11:37:10","date_gmt":"2025-10-18T11:37:10","guid":{"rendered":"https:\/\/www.europesays.com\/pt\/115797\/"},"modified":"2025-10-18T11:37:10","modified_gmt":"2025-10-18T11:37:10","slug":"maria-do-rosario-pedreira-escritaria-rende-homenagem-a-uma-militante-dos-livros","status":"publish","type":"post","link":"https:\/\/www.europesays.com\/pt\/115797\/","title":{"rendered":"Maria do Ros\u00e1rio Pedreira: Escritaria rende homenagem a &#8220;uma militante dos livros&#8221;"},"content":{"rendered":"<p>Durante sete dias, j\u00e1 a partir de segunda-feira, Penafiel vai ser a cidade de Maria do Ros\u00e1rio Pedreira. A sua longa e variada rela\u00e7\u00e3o com a literatura, enquanto poetisa, editora, letrista e autora de livros infanto-juvenis, vai ser celebrada de um modo n\u00e3o menos ecl\u00e9tico, atrav\u00e9s de uma programa\u00e7\u00e3o a que n\u00e3o faltam espa\u00e7os de debate, concertos, sess\u00f5es de cinema, exposi\u00e7\u00f5es e performances. Sem esquecer a arte p\u00fablica: o descerramento de um busto, a frase de sua autoria para um mural e a escolha de uma \u00e1rvore para figurar no bosque liter\u00e1rio s\u00e3o outros dos pontos altos de um encontro.<\/p>\n<p data-remotead-prev-elm=\"true\" data-remotead-elm-id=\"inread\">Ao JN, Maria do Ros\u00e1rio Pedreira antecipa, por isso, uma semana intensa que a colocar\u00e1 numa posi\u00e7\u00e3o diferente da habitual: &#8220;ficar sentada a ouvir falar sobre mim&#8221;, graceja.<\/p>\n<p>Acesso exclusivo a assinantes<\/p>\n<p>Acesso ilimitado a conte\u00fados exclusivos<\/p>\n<p>Navega\u00e7\u00e3o sem publicidade intrusiva<\/p>\n<p>Vers\u00e3o digital do jornal, suplementos e revistas<\/p>\n","protected":false},"excerpt":{"rendered":"Durante sete dias, j\u00e1 a partir de segunda-feira, Penafiel vai ser a cidade de Maria do Ros\u00e1rio Pedreira.&hellip;\n","protected":false},"author":2,"featured_media":115798,"comment_status":"","ping_status":"","sticky":false,"template":"","format":"standard","meta":{"footnotes":""},"categories":[143],"tags":[1753,169,114,115,27155,875,170,27156,56,32,33],"class_list":{"0":"post-115797","1":"post","2":"type-post","3":"status-publish","4":"format-standard","5":"has-post-thumbnail","7":"category-livros","8":"tag-artes","9":"tag-books","10":"tag-entertainment","11":"tag-entretenimento","12":"tag-escritaria","13":"tag-festival-literario","14":"tag-livros","15":"tag-maria-do-rosario-pedreira","16":"tag-penafiel","17":"tag-portugal","18":"tag-pt"},"share_on_mastodon":{"url":"","error":""},"_links":{"self":[{"href":"https:\/\/www.europesays.com\/pt\/wp-json\/wp\/v2\/posts\/115797","targetHints":{"allow":["GET"]}}],"collection":[{"href":"https:\/\/www.europesays.com\/pt\/wp-json\/wp\/v2\/posts"}],"about":[{"href":"https:\/\/www.europesays.com\/pt\/wp-json\/wp\/v2\/types\/post"}],"author":[{"embeddable":true,"href":"https:\/\/www.europesays.com\/pt\/wp-json\/wp\/v2\/users\/2"}],"replies":[{"embeddable":true,"href":"https:\/\/www.europesays.com\/pt\/wp-json\/wp\/v2\/comments?post=115797"}],"version-history":[{"count":0,"href":"https:\/\/www.europesays.com\/pt\/wp-json\/wp\/v2\/posts\/115797\/revisions"}],"wp:featuredmedia":[{"embeddable":true,"href":"https:\/\/www.europesays.com\/pt\/wp-json\/wp\/v2\/media\/115798"}],"wp:attachment":[{"href":"https:\/\/www.europesays.com\/pt\/wp-json\/wp\/v2\/media?parent=115797"}],"wp:term":[{"taxonomy":"category","embeddable":true,"href":"https:\/\/www.europesays.com\/pt\/wp-json\/wp\/v2\/categories?post=115797"},{"taxonomy":"post_tag","embeddable":true,"href":"https:\/\/www.europesays.com\/pt\/wp-json\/wp\/v2\/tags?post=115797"}],"curies":[{"name":"wp","href":"https:\/\/api.w.org\/{rel}","templated":true}]}}