{"id":115814,"date":"2025-10-18T11:48:33","date_gmt":"2025-10-18T11:48:33","guid":{"rendered":"https:\/\/www.europesays.com\/pt\/115814\/"},"modified":"2025-10-18T11:48:33","modified_gmt":"2025-10-18T11:48:33","slug":"mitha-ribeiro-explica-porque-saiu-do-chega-e-usa-29-vezes-a-palavra-narcisico-para-descrever-ventura","status":"publish","type":"post","link":"https:\/\/www.europesays.com\/pt\/115814\/","title":{"rendered":"Mith\u00e1 Ribeiro explica porque saiu do Chega e usa 29 vezes a palavra &#8220;narc\u00edsico&#8221; para descrever Ventura"},"content":{"rendered":"<p class=\"category\"><a href=\"https:\/\/sicnoticias.pt\/pais\/politica\" rel=\"nofollow noopener\" target=\"_blank\">Pol\u00edtica<\/a><\/p>\n<p class=\"g-article-lead lead\" data-field=\"lead\">O ex-deputado do Chega assina num texto de opini\u00e3o onde exp\u00f5e em sete pontos a &#8220;personalidade t\u00f3xica&#8221; de Andr\u00e9 Ventura.<\/p>\n<p><img decoding=\"async\" src=\"https:\/\/www.europesays.com\/pt\/wp-content\/uploads\/2025\/09\/1758632534_298_original.webp\" alt=\"Mith\u00e1 Ribeiro explica porque saiu do Chega e usa 29 vezes a palavra &quot;narc\u00edsico&quot; para descrever Ventura\"\/><\/p>\n<p><strong>Gabriel Mith\u00e1 Ribeiro confirma que saiu da Assembleia da Rep\u00fablica depois de ter ficado fora do governo-sombra escolhido por Andr\u00e9 Ventura, que descreve como um &#8220;predador narc\u00edsico&#8221; que \u201cabusa de poder\u201d.<\/strong><\/p>\n<p>Num <a href=\"https:\/\/observador.pt\/opiniao\/andre-ventura-os-7-pecados-mortais-do-predador-narcisico\/\" target=\"_blank\" rel=\"noopener noreferrer nofollow\">artigo de opini\u00e3o publicado no Observador<\/a> esta sexta-feira, o ex-deputado do Chega <strong>usa a palavra \u201cnarc\u00edsico\u201d 29 vezes <\/strong>para apontar os \u201c7 pecados mortais\u201d de Ventura: \u201cDesprezo [pelo ideal reformista]\u201d, \u201cInconsci\u00eancia [moral]\u201d, \u201cNeglig\u00eancia [c\u00edvica]\u201d, \u201cFrieza [desumana de l\u00edder de ignorantes]\u201d, \u201cSoberba [de violador do exerc\u00edcio de fun\u00e7\u00e3o soberana]\u201d, \u201cIrresponsabilidade [de brincar ao governo sombra]\u201d e \u201cImaturidade [de pol\u00edticos destruidores de povos]\u201d.<\/p>\n<blockquote><p>&#8220;Desvinculei-me do Chega, pois n\u00e3o toleraria a mim mesmo arrastar-me numa das mais escandalosas pr\u00e1ticas de parasitismo social e subsidiodepend\u00eancia, a condi\u00e7\u00e3o de deputado-joguete nas m\u00e3os de um l\u00edder narc\u00edsico incompat\u00edvel com qualquer forma de sujeito coletivo, que tratou de destruir os fundamentos de uma institui\u00e7\u00e3o s\u00f3lida que lhe servisse de filtro existencial&#8221;, escreve.<\/p><\/blockquote>\n<p>Mith\u00e1 Ribeiro acusa ainda Ventura de n\u00e3o conseguir <strong>\u201cconter o dem\u00f3nio vingativo contra quem o critique\u201d <\/strong>e preferir <strong>\u201cprejudicar uma sociedade inteira a correr o risco de expor o seu ego ao desconhecimento de determinada mat\u00e9ria\u201d.<\/strong><\/p>\n<p>O mo\u00e7ambicano, professor e investigador doutorado em Estudos Africanos, conta que<strong> foi impedido de falar sobre Racismo na Assembleia da Rep\u00fablica:<\/strong> \u201cAndr\u00e9 Ventura impediu-me de falar sobre o assunto no Parlamento e, at\u00e9 hoje, o tema foi banido do radar pol\u00edtico e c\u00edvico do Chega na mais <strong>cobarde irresponsabilidade social, c\u00edvica, civilizacional<\/strong>\u201d, revela, acrescentando que \u201cum outro militante recomendou n\u00e3o falar do assunto por causa do risco de ser uma nova Joacine\u201d.<\/p>\n<p>O l\u00edder do Chega, acrescenta \u201cn\u00e3o compreende a ess\u00eancia ideol\u00f3gica do seu pr\u00f3prio partido pol\u00edtico\u201d, que est\u00e1 <strong>\u201ccada vez mais disfuncional no sentido patol\u00f3gico do termo\u201d<\/strong>.<\/p>\n<p>\u201cA sua personalidade t\u00f3xica envenena o que ele mesmo semeou numa direita que n\u00e3o mais se pode permitir a si mesma ser infantil, prim\u00e1ria, imoral, irracional, irrespons\u00e1vel, submissa a um dono\u201d, condena, comparando Ventura a Jos\u00e9 S\u00f3crates:<\/p>\n<blockquote><p>\u201cA sua impossibilidade de olhar o meio envolvente sem o filtro narc\u00edsico move-o numa cruzada insana contra o sujeito coletivo. Tal puls\u00e3o existencial alimenta no n\u00facleo duro do seu poder interdepend\u00eancias pessoais deprimentes, moralmente dissolventes e socialmente danosas no caso de ser governo. O pa\u00eds provou do mesmo veneno com o Partido Socialista de Jos\u00e9 S\u00f3crates.\u201d<\/p><\/blockquote>\n","protected":false},"excerpt":{"rendered":"Pol\u00edtica O ex-deputado do Chega assina num texto de opini\u00e3o onde exp\u00f5e em sete pontos a &#8220;personalidade t\u00f3xica&#8221;&hellip;\n","protected":false},"author":2,"featured_media":83242,"comment_status":"","ping_status":"","sticky":false,"template":"","format":"standard","meta":{"footnotes":""},"categories":[8],"tags":[27,28,15,16,14,25,26,21,22,12,13,19,20,32,23,24,33,17,18,29,30,31],"class_list":{"0":"post-115814","1":"post","2":"type-post","3":"status-publish","4":"format-standard","5":"has-post-thumbnail","7":"category-principais-noticias","8":"tag-breaking-news","9":"tag-breakingnews","10":"tag-featured-news","11":"tag-featurednews","12":"tag-headlines","13":"tag-latest-news","14":"tag-latestnews","15":"tag-main-news","16":"tag-mainnews","17":"tag-news","18":"tag-noticias","19":"tag-noticias-principais","20":"tag-noticiasprincipais","21":"tag-portugal","22":"tag-principais-noticias","23":"tag-principaisnoticias","24":"tag-pt","25":"tag-top-stories","26":"tag-topstories","27":"tag-ultimas","28":"tag-ultimas-noticias","29":"tag-ultimasnoticias"},"share_on_mastodon":{"url":"","error":""},"_links":{"self":[{"href":"https:\/\/www.europesays.com\/pt\/wp-json\/wp\/v2\/posts\/115814","targetHints":{"allow":["GET"]}}],"collection":[{"href":"https:\/\/www.europesays.com\/pt\/wp-json\/wp\/v2\/posts"}],"about":[{"href":"https:\/\/www.europesays.com\/pt\/wp-json\/wp\/v2\/types\/post"}],"author":[{"embeddable":true,"href":"https:\/\/www.europesays.com\/pt\/wp-json\/wp\/v2\/users\/2"}],"replies":[{"embeddable":true,"href":"https:\/\/www.europesays.com\/pt\/wp-json\/wp\/v2\/comments?post=115814"}],"version-history":[{"count":0,"href":"https:\/\/www.europesays.com\/pt\/wp-json\/wp\/v2\/posts\/115814\/revisions"}],"wp:featuredmedia":[{"embeddable":true,"href":"https:\/\/www.europesays.com\/pt\/wp-json\/wp\/v2\/media\/83242"}],"wp:attachment":[{"href":"https:\/\/www.europesays.com\/pt\/wp-json\/wp\/v2\/media?parent=115814"}],"wp:term":[{"taxonomy":"category","embeddable":true,"href":"https:\/\/www.europesays.com\/pt\/wp-json\/wp\/v2\/categories?post=115814"},{"taxonomy":"post_tag","embeddable":true,"href":"https:\/\/www.europesays.com\/pt\/wp-json\/wp\/v2\/tags?post=115814"}],"curies":[{"name":"wp","href":"https:\/\/api.w.org\/{rel}","templated":true}]}}