{"id":115829,"date":"2025-10-18T12:00:19","date_gmt":"2025-10-18T12:00:19","guid":{"rendered":"https:\/\/www.europesays.com\/pt\/115829\/"},"modified":"2025-10-18T12:00:19","modified_gmt":"2025-10-18T12:00:19","slug":"estudo-revela-o-tipo-de-carro-favorito-dos-passaros-para-largar-fezes","status":"publish","type":"post","link":"https:\/\/www.europesays.com\/pt\/115829\/","title":{"rendered":"Estudo revela o tipo de carro favorito dos p\u00e1ssaros para largar fezes"},"content":{"rendered":"<p class=\"wp-caption-text top\"><a href=\"https:\/\/pixabay.com\/en\/seagull-bird-animal-fly-close-659344\/\" rel=\"nofollow external noopener noreferrer\" data-wpel-link=\"external\" target=\"_blank\" class=\"ext-link\">Screamenteagle \/ pixabay <\/a><\/p>\n<p><img decoding=\"async\" loading=\"lazy\" class=\"wp-image-199264 size-kopa-image-size-3\" src=\"https:\/\/www.europesays.com\/pt\/wp-content\/uploads\/2025\/10\/0694526ac452737000eb99ad1c0ad324-783x450.jpg\" alt=\"\" width=\"700\" height=\"402\"  \/><\/p>\n<p><strong>Os carros mais escuros e de maior porte, como as carrinhas pick up, parecem ser os alvos favoritos dos p\u00e1ssaros quando querem deixar um \u201cpresente\u201d.<\/strong><\/p>\n<p>Uma nova investiga\u00e7\u00e3o sugere que as aves podem ter mesmo uma prefer\u00eancia distinta quando se trata dos carros onde deixam as fezes \u2014 com algumas <strong>marcas e cores de autom\u00f3veis<\/strong> muito mais propensas a serem alvos do que outras.<\/p>\n<p>O <a href=\"https:\/\/alansfactoryoutlet.com\/infographics\/car-bird-droppings-report\/\" data-wpel-link=\"external\" target=\"_blank\" rel=\"nofollow external noopener noreferrer\" class=\"ext-link\">estudo<\/a>, conduzido pela Alan\u2019s Factory Outlet, uma empresa americana especializada em garagens e abrigos met\u00e1licos para autom\u00f3veis, descobriu que os <strong>carros castanhos e as carrinhas Ram<\/strong> est\u00e3o no topo da lista de v\u00edtimas de dejetos de aves.<\/p>\n<p>A empresa entrevistou 1000 propriet\u00e1rios de ve\u00edculos e comparou as respostas com as pesquisas existentes sobre o comportamento das aves para descobrir padr\u00f5es por detr\u00e1s de um dos maiores inc\u00f3modos dos condutores.<\/p>\n<p>Os resultados sugerem que a cor pode desempenhar um papel fundamental. Os ve\u00edculos <strong>castanhos, vermelhos e pretos<\/strong> foram atingidos com mais frequ\u00eancia, enquanto os tons mais claros, como o branco, o prateado e o cinzento, foram menos afetados. A empresa teorizou que a vis\u00e3o de cores \u00fanica dos p\u00e1ssaros \u2014 que inclui a capacidade de detetar luz ultravioleta (UV) \u2014 pode fazer com que os carros mais escuros ou brilhantes se destaquem mais no seu ambiente.<\/p>\n<p>\u201cEsta vis\u00e3o apurada faz com que certas cores de autom\u00f3veis <strong>pare\u00e7am mais chamativas<\/strong>, transformando-os em alvos principais\u201d, observou o relat\u00f3rio. As superf\u00edcies brilhantes e os espelhos tamb\u00e9m podem confundir as aves, especialmente durante a \u00e9poca de acasalamento, quando podem confundir o seu reflexo com o de um rival e atac\u00e1-lo repetidamente.<\/p>\n<p>No entanto, os autores do estudo reconheceram uma limita\u00e7\u00e3o: como os dados foram autodeclarados, os excrementos em carros de cores mais claras podem <strong>ter passado despercebidos<\/strong> ou sido subnotificados.<\/p>\n<p>Em rela\u00e7\u00e3o \u00e0s marcas de ve\u00edculos, a <strong>Ram, a Jeep e a Chevrolet<\/strong> foram as mais atingidas, seguidas da Nissan, Dodge e Kia. Os ve\u00edculos maiores, como as carrinhas pick-up, s\u00e3o particularmente vulner\u00e1veis, provavelmente por oferecerem uma maior \u00e1rea de superf\u00edcie, explica o <a href=\"https:\/\/interestingengineering.com\/culture\/cars-bird-droppings-us-survey\" data-wpel-link=\"external\" target=\"_blank\" rel=\"nofollow external noopener noreferrer\" class=\"ext-link\">Interesting Engineering<\/a>.<\/p>\n<p>O fen\u00f3meno \u00e9 mais do que apenas um inconveniente, sendo tamb\u00e9m dispendioso. De acordo com o estudo, quase um em cada quatro americanos gasta m<strong>ais de 500 d\u00f3lares por ano<\/strong> em limpeza ou repara\u00e7\u00e3o de danos na pintura causados \u200b\u200bpelos excrementos de p\u00e1ssaros, enquanto 10% relatam uma deteriora\u00e7\u00e3o permanente da pintura.<\/p>\n<p>O inc\u00f3modo \u00e9 generalizado: 58% dos inquiridos disseram que o seu carro foi atingido <strong>v\u00e1rias vezes num \u00fanico dia<\/strong> e 29% acreditavam mesmo que as aves os estavam a \u201cperseguir\u201d pessoalmente. Entre os que se sentiram mais v\u00edtimas, os condutores de Lexus (47%) lideraram a lista, seguidos pelos propriet\u00e1rios de Tesla (39%) e Dodge (35%).<\/p>\n<p>Embora a ideia de<strong> aves \u201cvingativas\u201d<\/strong> possa parecer absurda, as pesquisas mostram que algumas esp\u00e9cies, incluindo corvos e pombos, conseguem recordar-se de rostos humanos durante anos e distinguir entre indiv\u00edduos amig\u00e1veis \u200b\u200be hostis.<\/p>\n<p>Se esta mem\u00f3ria se estende aos seus locais de estacionamento favoritos ainda \u00e9 um mist\u00e9rio, mas uma coisa \u00e9 certa: para os propriet\u00e1rios de autom\u00f3veis, investir numa garagem coberta pode ser a defesa mais inteligente. Caso n\u00e3o tenha acesso a uma garagem, mas vale, pelo sim pelo n\u00e3o, ser sempre simp\u00e1tico com os passarinhos.<\/p>\n<p>    <a href=\"https:\/\/zap.aeiou.pt\/subscrever-newsletter\" data-wpel-link=\"internal\" rel=\"nofollow noopener\" target=\"_blank\">&#13;<br \/>\n        <img loading=\"lazy\" decoding=\"async\" class=\"aligncenter size-full wp-image-575475\" src=\"https:\/\/www.europesays.com\/pt\/wp-content\/uploads\/2025\/10\/1759862234_971_2d51fe4a0ba54894421ead1809309ed9-1-450x140.jpg\" alt=\"Subscreva a Newsletter ZAP\" width=\"450\" height=\"140\"\/>&#13;<br \/>\n    <\/a><\/p>\n<p>                <a href=\"https:\/\/whatsapp.com\/channel\/0029VaIC4EE2f3EJZPPSbR34\" data-wpel-link=\"external\" target=\"_blank\" rel=\"nofollow external noopener noreferrer\" class=\"ext-link\">&#13;<br \/>\n                    <img loading=\"lazy\" decoding=\"async\" class=\"aligncenter size-full wp-image-575475\" src=\"https:\/\/www.europesays.com\/pt\/wp-content\/uploads\/2025\/10\/1759862234_512_c68c559d956d4ca20f435ed74a6e71e6.png\" alt=\"Siga-nos no WhatsApp\" width=\"175\" height=\"64\"\/>&#13;<br \/>\n                <\/a><\/p>\n<p>                <a href=\"https:\/\/news.google.com\/publications\/CAAiEHRwZondIV71PDjWNoqMduEqFAgKIhB0cGaJ3SFe9Tw41jaKjHbh?hl=en-US&amp;gl=US&amp;ceid=US%3Aen\" data-wpel-link=\"external\" target=\"_blank\" rel=\"nofollow external noopener noreferrer\" class=\"ext-link\">&#13;<br \/>\n                    <img loading=\"lazy\" decoding=\"async\" class=\"aligncenter size-full wp-image-575475\" src=\"https:\/\/www.europesays.com\/pt\/wp-content\/uploads\/2025\/10\/1759862235_242_5123dd8b087b644fdb8f8603acd1bad4.png\" alt=\"Siga-nos no Google News\" width=\"176\" height=\"64\"\/>&#13;<br \/>\n                <\/a><\/p>\n","protected":false},"excerpt":{"rendered":"Screamenteagle \/ pixabay Os carros mais escuros e de maior porte, como as carrinhas pick up, parecem ser&hellip;\n","protected":false},"author":2,"featured_media":115830,"comment_status":"","ping_status":"","sticky":false,"template":"","format":"standard","meta":{"footnotes":""},"categories":[50],"tags":[1353,27,28,3981,15,16,14,25,26,21,22,62,12,13,19,20,23,24,17,18,29,30,31,63,64,65],"class_list":{"0":"post-115829","1":"post","2":"type-post","3":"status-publish","4":"format-standard","5":"has-post-thumbnail","7":"category-mundo","8":"tag-animais","9":"tag-breaking-news","10":"tag-breakingnews","11":"tag-carro","12":"tag-featured-news","13":"tag-featurednews","14":"tag-headlines","15":"tag-latest-news","16":"tag-latestnews","17":"tag-main-news","18":"tag-mainnews","19":"tag-mundo","20":"tag-news","21":"tag-noticias","22":"tag-noticias-principais","23":"tag-noticiasprincipais","24":"tag-principais-noticias","25":"tag-principaisnoticias","26":"tag-top-stories","27":"tag-topstories","28":"tag-ultimas","29":"tag-ultimas-noticias","30":"tag-ultimasnoticias","31":"tag-world","32":"tag-world-news","33":"tag-worldnews"},"share_on_mastodon":{"url":"","error":""},"_links":{"self":[{"href":"https:\/\/www.europesays.com\/pt\/wp-json\/wp\/v2\/posts\/115829","targetHints":{"allow":["GET"]}}],"collection":[{"href":"https:\/\/www.europesays.com\/pt\/wp-json\/wp\/v2\/posts"}],"about":[{"href":"https:\/\/www.europesays.com\/pt\/wp-json\/wp\/v2\/types\/post"}],"author":[{"embeddable":true,"href":"https:\/\/www.europesays.com\/pt\/wp-json\/wp\/v2\/users\/2"}],"replies":[{"embeddable":true,"href":"https:\/\/www.europesays.com\/pt\/wp-json\/wp\/v2\/comments?post=115829"}],"version-history":[{"count":0,"href":"https:\/\/www.europesays.com\/pt\/wp-json\/wp\/v2\/posts\/115829\/revisions"}],"wp:featuredmedia":[{"embeddable":true,"href":"https:\/\/www.europesays.com\/pt\/wp-json\/wp\/v2\/media\/115830"}],"wp:attachment":[{"href":"https:\/\/www.europesays.com\/pt\/wp-json\/wp\/v2\/media?parent=115829"}],"wp:term":[{"taxonomy":"category","embeddable":true,"href":"https:\/\/www.europesays.com\/pt\/wp-json\/wp\/v2\/categories?post=115829"},{"taxonomy":"post_tag","embeddable":true,"href":"https:\/\/www.europesays.com\/pt\/wp-json\/wp\/v2\/tags?post=115829"}],"curies":[{"name":"wp","href":"https:\/\/api.w.org\/{rel}","templated":true}]}}