{"id":115831,"date":"2025-10-18T12:01:18","date_gmt":"2025-10-18T12:01:18","guid":{"rendered":"https:\/\/www.europesays.com\/pt\/115831\/"},"modified":"2025-10-18T12:01:18","modified_gmt":"2025-10-18T12:01:18","slug":"infanta-sofia-reforca-lacos-institucionais-em-encontro-com-marcelo-rebelo-de-sousa","status":"publish","type":"post","link":"https:\/\/www.europesays.com\/pt\/115831\/","title":{"rendered":"Infanta Sof\u00eda refor\u00e7a la\u00e7os institucionais em encontro com Marcelo Rebelo de Sousa"},"content":{"rendered":"<p>A estudar Ci\u00eancias Pol\u00edticas em Lisboa, a infanta Sof\u00eda foi recebida esta sexta-feira pelo presidente da Rep\u00fablica, Marcelo Rebelo de Sousa, no Pal\u00e1cio de Bel\u00e9m.<\/p>\n<p data-remotead-prev-elm=\"true\" data-remotead-elm-id=\"inread\"><img decoding=\"async\" class=\"ngx-body\" guid=\"28af7ceb-6172-41a7-8a1b-2fdf8b1c5ff0\" src=\"https:\/\/www.europesays.com\/pt\/wp-content\/uploads\/2025\/10\/1760788877_7_image.jpg\" width=\"100%\"\/><\/p>\n<p>Este primeiro encontro oficial com um chefe de Estado estrangeiro refor\u00e7ou os la\u00e7os hist\u00f3ricos e de amizade entre Espanha e Portugal, ao mesmo tempo que assinala a crescente emancipa\u00e7\u00e3o da filha mais nova dos reis Felipe VI e Letizia.<\/p>\n<p data-remotead-prev-elm=\"true\" data-remotead-elm-id=\"centro1\"><img decoding=\"async\" class=\"ngx-body\" guid=\"ebd7f2b9-d09b-4468-9107-df7967fd6b71\" src=\"https:\/\/www.europesays.com\/pt\/wp-content\/uploads\/2025\/10\/1760788877_768_image.jpg\" width=\"100%\"\/><\/p>\n<p><img decoding=\"async\" class=\"ngx-body\" guid=\"31b80883-1367-4fa8-b988-7d18225de768\" src=\"https:\/\/www.europesays.com\/pt\/wp-content\/uploads\/2025\/10\/1760788877_689_image.jpg\" width=\"100%\"\/><\/p>\n<p data-remotead-prev-elm=\"true\" data-remotead-elm-id=\"centro2\">O encontro decorreu na Sala das Bicas, onde Sof\u00eda posou para a fotografia oficial e assinou o Livro de Honra. Seguiu-se uma reuni\u00e3o com o presidente, durante a qual abordaram o passado hist\u00f3rico e a estreita parceria entre os dois pa\u00edses, os la\u00e7os de amizade entre os povos e os desafios e oportunidades que as novas gera\u00e7\u00f5es ter\u00e3o de enfrentar.<\/p>\n<p><img decoding=\"async\" class=\"ngx-body\" guid=\"4f4a7b2a-7748-49db-b836-6479e367643d\" src=\"https:\/\/www.europesays.com\/pt\/wp-content\/uploads\/2025\/10\/1760788878_752_image.jpg\" width=\"100%\"\/><\/p>\n<p>Um passo \u00e0 frente no papel institucional<\/p>\n<p data-remotead-prev-elm=\"true\" data-remotead-elm-id=\"centro3\">A estadia da infanta em Portugal revela-se singular: demonstra confian\u00e7a e seguran\u00e7a ao assumir este novo papel institucional, seguindo os passos da irm\u00e3, a princesa Leonor, que j\u00e1 tinha sido recebida pelo mesmo mandat\u00e1rio.<\/p>\n<p><img decoding=\"async\" class=\"ngx-body\" guid=\"31f83e8c-c1d5-4c0e-b9ea-27702f1d82ce\" src=\"https:\/\/www.europesays.com\/pt\/wp-content\/uploads\/2025\/10\/1760788878_362_image.jpg\" width=\"100%\"\/>Fotos: Chema Moya e Miguel A. Lopes \/ EPA<\/p>\n<p data-remotead-prev-elm=\"true\" data-remotead-elm-id=\"centro4\">Sof\u00eda vive atualmente na resid\u00eancia universit\u00e1ria Xior Benfica, um moderno edif\u00edcio com gin\u00e1sio, biblioteca, jardim privado e vigil\u00e2ncia 24 horas, situado numa das zonas residenciais mais tranquilas de Lisboa.<\/p>\n<p>A experi\u00eancia representa um novo desafio, depois de um bacharelato internacional no Reino Unido, e marca uma etapa de maior independ\u00eancia na sua vida acad\u00e9mica e pessoal.<\/p>\n<p data-remotead-prev-elm=\"true\" data-remotead-elm-id=\"centro5\">A liga\u00e7\u00e3o pr\u00f3xima entre Portugal e Espanha ficou patente durante a visita. Marcelo Rebelo de Sousa, amigo de longa data da fam\u00edlia real espanhola, destacou a import\u00e2ncia da amizade e do respeito m\u00fatuo, refor\u00e7ando o que Felipe VI j\u00e1 tinha afirmado: &#8220;Desde que assisti \u00e0 sua tomada de posse como presidente da Rep\u00fablica Portuguesa, unem-nos a amizade e o afeto, que aproximam cada vez mais os povos portugu\u00eas e espanhol.&#8221;<\/p>\n<p>Nos pr\u00f3ximos dias, Sof\u00eda regressar\u00e1 a Espanha para se juntar aos pais e \u00e0 irm\u00e3 em Oviedo, onde decorrer\u00e1 a entrega dos Pr\u00e9mios Princesa de Ast\u00farias. Um fim de semana que combinar\u00e1 tradi\u00e7\u00e3o, responsabilidade institucional e o esp\u00edrito jovem da infanta, num equil\u00edbrio perfeito entre legado familiar e crescimento pessoal.<\/p>\n","protected":false},"excerpt":{"rendered":"A estudar Ci\u00eancias Pol\u00edticas em Lisboa, a infanta Sof\u00eda foi recebida esta sexta-feira pelo presidente da Rep\u00fablica, Marcelo&hellip;\n","protected":false},"author":2,"featured_media":115832,"comment_status":"","ping_status":"","sticky":false,"template":"","format":"standard","meta":{"footnotes":""},"categories":[10],"tags":[27,28,15,16,14,2447,25,26,21,22,588,12,13,19,20,32,23,24,33,17,18,29,30,31],"class_list":{"0":"post-115831","1":"post","2":"type-post","3":"status-publish","4":"format-standard","5":"has-post-thumbnail","7":"category-portugal","8":"tag-breaking-news","9":"tag-breakingnews","10":"tag-featured-news","11":"tag-featurednews","12":"tag-headlines","13":"tag-infanta-sofia","14":"tag-latest-news","15":"tag-latestnews","16":"tag-main-news","17":"tag-mainnews","18":"tag-marcelo-rebelo-de-sousa","19":"tag-news","20":"tag-noticias","21":"tag-noticias-principais","22":"tag-noticiasprincipais","23":"tag-portugal","24":"tag-principais-noticias","25":"tag-principaisnoticias","26":"tag-pt","27":"tag-top-stories","28":"tag-topstories","29":"tag-ultimas","30":"tag-ultimas-noticias","31":"tag-ultimasnoticias"},"share_on_mastodon":{"url":"","error":""},"_links":{"self":[{"href":"https:\/\/www.europesays.com\/pt\/wp-json\/wp\/v2\/posts\/115831","targetHints":{"allow":["GET"]}}],"collection":[{"href":"https:\/\/www.europesays.com\/pt\/wp-json\/wp\/v2\/posts"}],"about":[{"href":"https:\/\/www.europesays.com\/pt\/wp-json\/wp\/v2\/types\/post"}],"author":[{"embeddable":true,"href":"https:\/\/www.europesays.com\/pt\/wp-json\/wp\/v2\/users\/2"}],"replies":[{"embeddable":true,"href":"https:\/\/www.europesays.com\/pt\/wp-json\/wp\/v2\/comments?post=115831"}],"version-history":[{"count":0,"href":"https:\/\/www.europesays.com\/pt\/wp-json\/wp\/v2\/posts\/115831\/revisions"}],"wp:featuredmedia":[{"embeddable":true,"href":"https:\/\/www.europesays.com\/pt\/wp-json\/wp\/v2\/media\/115832"}],"wp:attachment":[{"href":"https:\/\/www.europesays.com\/pt\/wp-json\/wp\/v2\/media?parent=115831"}],"wp:term":[{"taxonomy":"category","embeddable":true,"href":"https:\/\/www.europesays.com\/pt\/wp-json\/wp\/v2\/categories?post=115831"},{"taxonomy":"post_tag","embeddable":true,"href":"https:\/\/www.europesays.com\/pt\/wp-json\/wp\/v2\/tags?post=115831"}],"curies":[{"name":"wp","href":"https:\/\/api.w.org\/{rel}","templated":true}]}}