{"id":115837,"date":"2025-10-18T12:05:07","date_gmt":"2025-10-18T12:05:07","guid":{"rendered":"https:\/\/www.europesays.com\/pt\/115837\/"},"modified":"2025-10-18T12:05:07","modified_gmt":"2025-10-18T12:05:07","slug":"ja-ha-livros-ucranianos-na-biblioteca-regiao-de-leiria","status":"publish","type":"post","link":"https:\/\/www.europesays.com\/pt\/115837\/","title":{"rendered":"j\u00e1 h\u00e1 livros ucranianos na Biblioteca \u2013 Regi\u00e3o de Leiria"},"content":{"rendered":"<p>V\u00e1rios livros em l\u00edngua ucraniana passaram a estar dispon\u00edveis na Biblioteca Municipal Afonso Lopes Vieira (BMALV), em Leiria.<\/p>\n<p>Para j\u00e1, os livros disponibilizados s\u00e3o centrados na literatura infantil, \u201cprocurando responder \u00e0s necessidades das fam\u00edlias ucranianas residentes no concelho\u201d, adianta a C\u00e2mara de Leiria.<\/p>\n<p>Esta nova oferta na biblioteca \u00e9 o resultado, explica a autarquia em nota \u00e0 imprensa divulgada no final desta semana, de uma parceria com Iryna RuraK, cidad\u00e3 ucraniana a viver em Leiria, que lan\u00e7ou o desafio \u00e0 biblioteca. \u201cA proposta foi prontamente acolhida, tendo em conta o n\u00famero significativo de cidad\u00e3os ucranianos a viver e a trabalhar no munic\u00edpio\u201d, refere a nota do munic\u00edpio.<\/p>\n<p>\u201cA iniciativa visa promover a inclus\u00e3o e a diversidade cultural\u201d, adianta igualmente a autarquia. Nesta primeira fase, o foco est\u00e1 na literatura infantil, procurando responder \u00e0s necessidades das fam\u00edlias ucranianas residentes no concelho.<\/p>\n<p>Os livros em ucraniano podem ser requisitados nos moldes habituais de empr\u00e9stimo e a Biblioteca est\u00e1 recetiva a mais livros em ucraniano. Segundo a autarquia, quem deseje contribuir com doa\u00e7\u00f5es de livros em l\u00edngua ucraniana para dever\u00e1 dirigir-se ao Balc\u00e3o de Atendimento do \u00c1trio.<\/p>\n","protected":false},"excerpt":{"rendered":"V\u00e1rios livros em l\u00edngua ucraniana passaram a estar dispon\u00edveis na Biblioteca Municipal Afonso Lopes Vieira (BMALV), em Leiria.&hellip;\n","protected":false},"author":2,"featured_media":115838,"comment_status":"","ping_status":"","sticky":false,"template":"","format":"standard","meta":{"footnotes":""},"categories":[143],"tags":[169,114,115,170,32,33],"class_list":{"0":"post-115837","1":"post","2":"type-post","3":"status-publish","4":"format-standard","5":"has-post-thumbnail","7":"category-livros","8":"tag-books","9":"tag-entertainment","10":"tag-entretenimento","11":"tag-livros","12":"tag-portugal","13":"tag-pt"},"share_on_mastodon":{"url":"","error":""},"_links":{"self":[{"href":"https:\/\/www.europesays.com\/pt\/wp-json\/wp\/v2\/posts\/115837","targetHints":{"allow":["GET"]}}],"collection":[{"href":"https:\/\/www.europesays.com\/pt\/wp-json\/wp\/v2\/posts"}],"about":[{"href":"https:\/\/www.europesays.com\/pt\/wp-json\/wp\/v2\/types\/post"}],"author":[{"embeddable":true,"href":"https:\/\/www.europesays.com\/pt\/wp-json\/wp\/v2\/users\/2"}],"replies":[{"embeddable":true,"href":"https:\/\/www.europesays.com\/pt\/wp-json\/wp\/v2\/comments?post=115837"}],"version-history":[{"count":0,"href":"https:\/\/www.europesays.com\/pt\/wp-json\/wp\/v2\/posts\/115837\/revisions"}],"wp:featuredmedia":[{"embeddable":true,"href":"https:\/\/www.europesays.com\/pt\/wp-json\/wp\/v2\/media\/115838"}],"wp:attachment":[{"href":"https:\/\/www.europesays.com\/pt\/wp-json\/wp\/v2\/media?parent=115837"}],"wp:term":[{"taxonomy":"category","embeddable":true,"href":"https:\/\/www.europesays.com\/pt\/wp-json\/wp\/v2\/categories?post=115837"},{"taxonomy":"post_tag","embeddable":true,"href":"https:\/\/www.europesays.com\/pt\/wp-json\/wp\/v2\/tags?post=115837"}],"curies":[{"name":"wp","href":"https:\/\/api.w.org\/{rel}","templated":true}]}}