{"id":115839,"date":"2025-10-18T12:06:10","date_gmt":"2025-10-18T12:06:10","guid":{"rendered":"https:\/\/www.europesays.com\/pt\/115839\/"},"modified":"2025-10-18T12:06:10","modified_gmt":"2025-10-18T12:06:10","slug":"rabo-de-peixe-t2-analise","status":"publish","type":"post","link":"https:\/\/www.europesays.com\/pt\/115839\/","title":{"rendered":"Rabo de Peixe T2, An\u00e1lise"},"content":{"rendered":"<p>&#13;<br \/>\n\t\t\t\t Users: 50&#13;\n\t\t\t<\/p>\n<p>\u201cRabo de Peixe\u201d chegou \u00e0 Netflix em 2023. Rapidamente, a s\u00e9rie tornou-se num grande sucesso, n\u00e3o s\u00f3 em Portugal, mas em v\u00e1rios outros pa\u00edses em que chegou ao Top10 da <a href=\"https:\/\/www.magazine-hd.com\/apps\/wp\/stranger-things-t5-netflix-revela-a-duracao-dos-quatro-primeiros-episodios\/\" target=\"_blank\" rel=\"noopener nofollow\">Netflix<\/a>, com o nome internacional de \u201c<a href=\"https:\/\/www.magazine-hd.com\/apps\/wp\/rabo-de-peixe-nova-temporada-lancamentos-netflix-jose-codessa\/\" target=\"_blank\" rel=\"noopener nofollow\">Turn of The Tide<\/a>\u201d.<\/p>\n<p>O elenco formado por Jos\u00e9 Condessa, P\u00eap\u00ea Rapazote, Albano Jer\u00f3nimo, Helena Caldeira, entre outros talentos nacionais, juntando ao pacing r\u00e1pido e hist\u00f3ria inspirada num caso real, foram elementos que contribu\u00edram para este sucesso.<\/p>\n<p>Agora, em 2025, a s\u00e9rie regressa para a sua segunda temporada. Com novas adi\u00e7\u00f5es ao elenco, como Paolla Oliveira, Jos\u00e9 Raposo e Ricardo Pereira. Com o mesmo ritmo r\u00e1pido, humor e drama mas com uma hist\u00f3ria mais dark, mais desafios e mais consequ\u00eancias.<\/p>\n<p>Um press\u00e1gio<\/p>\n<p>A segunda temporada come\u00e7a com Eduardo a chegar \u00e0 Am\u00e9rica. Contudo, as coisas n\u00e3o correm como se esperava. Assim, h\u00e1 uma cena em que Eduardo e Carlinhos est\u00e3o na pris\u00e3o e come\u00e7a a nevar. O entusiasmo \u00e9 grande, pois nenhum dos dois viu neve. Este \u00e9 um momento de felicidade e esperan\u00e7a. Que, no entanto, leva a um lugar muito negro ap\u00f3s come\u00e7ar uma luta no local.<\/p>\n<p>Esta cena marcou-me, logo no come\u00e7o da temporada. Vi-a como um paralelismo, entre a neve e a coca\u00edna. Ambos representaram uma esperan\u00e7a in\u00edcial mas levaram a um caminho muito negro. Assim, esta cena \u00e9 um press\u00e1gio para o que estaria para vir nesta temporada, que \u00e9 mais dark, que apresenta mais consequ\u00eancias para os nossos adorados protagonistas.<\/p>\n<p>Quando conversei com o elenco da s\u00e9rie da Netflix, questionei o realizador Augusto Fraga sobre esta mesma cena, que me confirmou aquilo que senti ao ver a cena. \u201cA neve era uma coisa inacredit\u00e1vel, assim como a coca\u00edna era uma coisa inacredit\u00e1vel. E era uma oportunidade, mas isso rapidamente pode transformar-se numa coisa perigosa. E a ideia foi passar muito rapidamente de um momento po\u00e9tico para um momento que marca a temporada toda\u201d, revelou Augusto Fraga.<\/p>\n<p>As diferen\u00e7as entre temporadas<br \/>\n<img loading=\"lazy\" decoding=\"async\" class=\"size-full wp-image-726532\" src=\"data:image\/svg+xml,%3Csvg%20xmlns=\" http:=\"\" alt=\"Rabo de Peixe 2\" width=\"728\" height=\"477\" data-lazy- data-lazy- data-lazy-src=\"https:\/\/www.europesays.com\/pt\/wp-content\/uploads\/2025\/10\/rabodepeixe2d.jpg\"\/>Eduardo (Condessa) um rapaz a\u00e7oriano pode meter-se em esquemas. \u00a9Netflix\/Divulga\u00e7\u00e3o<\/p>\n<p>Como me confidenciaram <a href=\"https:\/\/www.magazine-hd.com\/apps\/wp\/entrevista-rabo-de-peixe-jose-condessa-augusto-fraga\/\" target=\"_blank\" rel=\"noopener nofollow\">Jos\u00e9 Condessa<\/a> e Augusto Fraga, para esta segunda temporada n\u00e3o quiseram repetir a f\u00f3rmula da primeira. E isso \u00e9 not\u00f3rio durante toda a temporada. Apesar de ter o mesmo pacing r\u00e1pido e o humor caracter\u00edstico, trazido por v\u00e1rias personagens, h\u00e1 muitas diferen\u00e7as nesta temporada, n\u00e3o necessariamente melhores ou piores.<\/p>\n<p>H\u00e1, sem d\u00favida, um crescimento. A produ\u00e7\u00e3o cresceu e com ela cresceu o elenco. \u00c9 name drop atr\u00e1s de name drop de grandes atores, tanto nacionais como internacionais. H\u00e1 mais personagens, mais intriga e mais problemas a resolver.<\/p>\n<p>Assim, h\u00e1 tamb\u00e9m um crescimento das personagens principais, por todo o drama e dor que passaram na primeira temporada. Nesta nova temporada vemos as personagens passarem por problemas de forma mais individualizada, seja o luto, a droga, uma gravidez ou rompimento de amizades.<\/p>\n<p>Por fim, Augusto Fraga traz-nos, tamb\u00e9m, todo um women power nesta <a href=\"https:\/\/www.magazine-hd.com\/apps\/wp\/rabo-de-peixe-nova-temporada-serie-netflix\/\" target=\"_blank\" rel=\"noopener nofollow\">temporada<\/a>. H\u00e1 v\u00e1rias mulheres ao comando, mesmo em espectros diferentes da hist\u00f3ria e mesmo como antagonistas. \u00c9 interessante ver mulheres com muito poder, dentro de hist\u00f3rias como estas, de crime e m\u00e1fia, que tradicionalmente s\u00e3o mais dominadas por homens.<\/p>\n<p>Atua\u00e7\u00f5es a destacar em Rabo de Peixe<\/p>\n<p>Al\u00e9m das \u00f3timas atua\u00e7\u00f5es dos atores que j\u00e1 conhec\u00edamos da primeira temporada, como Jos\u00e9 Condessa, Rodrigo Tom\u00e1s, Andr\u00e9 Leit\u00e3o ou Helena Caldeira, destaco dois nomes que foram uma grande adi\u00e7\u00e3o ao elenco da nova temporada de \u201cRabo de Peixe\u201d.<\/p>\n<p>Paolla Oliveira veio do Brasil diretamente para os A\u00e7ores. A atriz brasileira representa a chefe do cartel de droga que originou toda a hist\u00f3ria de \u201cRabo de Peixe\u201d. A sua personagem tem uma grande presen\u00e7a, um grande carisma. E, apesar, de ser uma personagem que est\u00e1 do lado errado da hist\u00f3ria, n\u00e3o deixamos de a admirar pelo seu poder.<\/p>\n<p>Jos\u00e9 Raposo interpreta o irm\u00e3o do Arruda (Albano Jer\u00f3nimo) e tio da S\u00edlvia (Helena Caldeira). \u00c9 uma personagem d\u00fabia, entre o apre\u00e7o pela fam\u00edlia e a vilania que lhe corre nas veias. \u00c9 um grande papel f\u00edsico, no sentido dos maneirismos e fisicalidade da personagem. Tem uma grande presen\u00e7a, que s\u00f3 Jos\u00e9 Raposo poderia representar.<\/p>\n<p>\n        About The Author<\/p>\n<p>                <a href=\"https:\/\/www.magazine-hd.com\/apps\/wp\/author\/msousa\/\" rel=\"nofollow noopener\" target=\"_blank\"><img loading=\"lazy\" decoding=\"async\" width=\"150\" height=\"150\" src=\"data:image\/svg+xml,%3Csvg%20xmlns=\" http:=\"\" class=\"avatar avatar-150 photo\" alt=\"\" data-lazy- data-lazy- data-lazy-src=\"https:\/\/www.europesays.com\/pt\/wp-content\/uploads\/2025\/09\/ms-perfil-150x150.webp.webp\"\/><\/a><\/p>\n<p>                    <a href=\"https:\/\/www.magazine-hd.com\/apps\/wp\/author\/msousa\/\" rel=\"nofollow noopener\" target=\"_blank\">Matilde Sousa<\/a><\/p>\n<p>Licenciada em Jornalismo pela Escola Superior de Comunica\u00e7\u00e3o Social e especializada em gest\u00e3o de redes sociais. Fundadora e CEO do Ateli\u00ea Digital Hephae Digital, e criadora do blog \u201cLa La Land\u201d sobre cinema e literatura. Atualmente \u00e9 tamb\u00e9m editora na MHD \u2013 Magazine.HD, com uma grande paix\u00e3o pela \u00e1rea de cinema e s\u00e9ries.<\/p>\n<p>\t\t<\/p>\n","protected":false},"excerpt":{"rendered":"&#13; Users: 50&#13; \u201cRabo de Peixe\u201d chegou \u00e0 Netflix em 2023. Rapidamente, a s\u00e9rie tornou-se num grande sucesso,&hellip;\n","protected":false},"author":2,"featured_media":115840,"comment_status":"","ping_status":"","sticky":false,"template":"","format":"standard","meta":{"footnotes":""},"categories":[142],"tags":[27157,114,115,27158,8203,2411,716,17994,32,33,26187,27159,151],"class_list":{"0":"post-115839","1":"post","2":"type-post","3":"status-publish","4":"format-standard","5":"has-post-thumbnail","7":"category-tv","8":"tag-augusto-fraga","9":"tag-entertainment","10":"tag-entretenimento","11":"tag-helena-caldeira","12":"tag-jose-condessa","13":"tag-kelly-bailey","14":"tag-netflix","15":"tag-pepe-rapazote","16":"tag-portugal","17":"tag-pt","18":"tag-rabo-de-peixe","19":"tag-turn-of-the-tide","20":"tag-tv"},"share_on_mastodon":{"url":"","error":""},"_links":{"self":[{"href":"https:\/\/www.europesays.com\/pt\/wp-json\/wp\/v2\/posts\/115839","targetHints":{"allow":["GET"]}}],"collection":[{"href":"https:\/\/www.europesays.com\/pt\/wp-json\/wp\/v2\/posts"}],"about":[{"href":"https:\/\/www.europesays.com\/pt\/wp-json\/wp\/v2\/types\/post"}],"author":[{"embeddable":true,"href":"https:\/\/www.europesays.com\/pt\/wp-json\/wp\/v2\/users\/2"}],"replies":[{"embeddable":true,"href":"https:\/\/www.europesays.com\/pt\/wp-json\/wp\/v2\/comments?post=115839"}],"version-history":[{"count":0,"href":"https:\/\/www.europesays.com\/pt\/wp-json\/wp\/v2\/posts\/115839\/revisions"}],"wp:featuredmedia":[{"embeddable":true,"href":"https:\/\/www.europesays.com\/pt\/wp-json\/wp\/v2\/media\/115840"}],"wp:attachment":[{"href":"https:\/\/www.europesays.com\/pt\/wp-json\/wp\/v2\/media?parent=115839"}],"wp:term":[{"taxonomy":"category","embeddable":true,"href":"https:\/\/www.europesays.com\/pt\/wp-json\/wp\/v2\/categories?post=115839"},{"taxonomy":"post_tag","embeddable":true,"href":"https:\/\/www.europesays.com\/pt\/wp-json\/wp\/v2\/tags?post=115839"}],"curies":[{"name":"wp","href":"https:\/\/api.w.org\/{rel}","templated":true}]}}