{"id":115847,"date":"2025-10-18T12:11:20","date_gmt":"2025-10-18T12:11:20","guid":{"rendered":"https:\/\/www.europesays.com\/pt\/115847\/"},"modified":"2025-10-18T12:11:20","modified_gmt":"2025-10-18T12:11:20","slug":"o-que-fazer-neste-fim-de-semana-comer-dancar-e-chamar-os-gnr-lazer","status":"publish","type":"post","link":"https:\/\/www.europesays.com\/pt\/115847\/","title":{"rendered":"O que fazer neste fim-de-semana? Comer, dan\u00e7ar e chamar os GNR | Lazer"},"content":{"rendered":"<p>Os Maias<\/p>\n<p dir=\"ltr\"><strong>LISBOA Teatro Cam\u00f5es. De 16\/10 a 26\/10. Quinta e sexta, \u00e0s 20h; s\u00e1bado, \u00e0s 18h30; domingo, \u00e0s 16h. M\/6. 15\u20ac a 30\u20ac<\/strong><\/p>\n<p dir=\"ltr\">A primeira adapta\u00e7\u00e3o coreogr\u00e1fica do romance de E\u00e7a de Queir\u00f3s \u00e9 feita pelas m\u00e3os da Companhia Nacional de Bailado. Em estreia absoluta na abertura desta temporada, e com coreografia de Fernando Duarte, o novo director art\u00edstico da companhia, vai a cena a hist\u00f3ria de uma fam\u00edlia ao longo de tr\u00eas gera\u00e7\u00f5es, marcada pelo amor incestuoso de Carlos da Maia e Maria Eduarda, e um retrato da sociedade portuguesa na Lisboa da segunda metade do s\u00e9culo XIX. A moldura musical \u00e9 fornecida pelo pianista Ant\u00f3nio Rosado e solistas da Orquestra de C\u00e2mara Portuguesa.<\/p>\n<p>        &#13;<\/p>\n<p>&#13;<br \/>\n                &#13;\n            <\/p>\n<p>&#13;<\/p>\n<p>GNR<\/p>\n<p dir=\"ltr\"><strong>PORTO Coliseu Porto Ageas. Dias 18\/10 e 19\/10. S\u00e1bado e domingo, \u00e0s 21h30. M\/6. 20\u20ac a 55\u20ac<\/strong><\/p>\n<p dir=\"ltr\">Com 45 anos de bagagem, a banda formada por Rui Reininho, T\u00f3li C\u00e9sar Machado e Jorge Rom\u00e3o sobe ao palco do coliseu portuense com Opera\u00e7\u00e3o STOP &#8211; Somos Todos Obrigados a reParar. Est\u00e1 dado o mote para mergulhar na hist\u00f3ria da m\u00fasica portuguesa (e da vida de muitos f\u00e3s) com temas que fazem parte da mem\u00f3ria nacional como Efectivamente, Ana Lee, Morte ao Sol, Pron\u00fancia do Norte, Dunas, Mais vale nunca ou Eu n\u00e3o sou assim. O Coliseu dos Recreios, em Lisboa, recebe-os a 6 e 7 de Novembro.<\/p>\n<p>        &#13;<\/p>\n<p>&#13;<br \/>\n                &#13;\n            <\/p>\n<p>&#13;<\/p>\n<p>O Museu como Performance<\/p>\n<p dir=\"ltr\"><strong>PORTO Museu de Serralves. Dias 18\/10 e 19\/10. S\u00e1bado e domingo, a partir das 12h. 24\u20ac (acesso a todos os espa\u00e7os da funda\u00e7\u00e3o)<\/strong><\/p>\n<p dir=\"ltr\">Serralves torna a validar-se como plataforma de cruzamento entre as artes visuais e performativas contempor\u00e2neas. A fazer mover a iniciativa \u2013 e a &#8220;dialogar&#8221; com os espa\u00e7os da funda\u00e7\u00e3o \u2013 est\u00e3o trabalhos multidisciplinares, da dan\u00e7a \u00e0 m\u00fasica, passando pela performance e instala\u00e7\u00e3o. No lote de 13 artistas e colectivos convocados para esta 11.\u00aa edi\u00e7\u00e3o figuram nomes como Nour Mobarak, Dania Shihab, Angela Goh, Harald Beharie, Merche Blasco, Pedro Magalh\u00e3es + Ensemble Decadente ou Andreas Trobollowitsch.<\/p>\n<p>        &#13;<\/p>\n<p>&#13;<br \/>\n                &#13;\n            <\/p>\n<p>&#13;<\/p>\n<p>O Que Elas Viram, o Que N\u00f3s Vemos: Fot\u00f3grafas Amadoras em Portugal, 1860-1920<\/p>\n<p dir=\"ltr\"><strong>LISBOA MNAC &#8211; Museu Nacional de Arte Contempor\u00e2nea. De 16\/10 a 1\/2. Ter\u00e7a a domingo, das 10h \u00e0s 13h e das 14h \u00e0s 18h. 10\u20ac<\/strong><\/p>\n<p dir=\"ltr\">Com curadoria de Susana Louren\u00e7o Marques e Em\u00edlia Tavares, a mostra apresenta trabalhos de Margarida Relvas (1867-1930), Mariana Relvas (1862-1952) e Maria da Concei\u00e7\u00e3o de Lemos Magalh\u00e3es (1863-1949), tr\u00eas pioneiras da fotografia em Portugal. Este \u00e9 o segundo momento da mostra que integra o projecto WomenPhot.pt: o primeiro decorreu na Casa Marta Ortig\u00e3o Sampaio, no Porto, onde esteve patente entre Maio e Setembro \u00faltimos.<\/p>\n<p>        &#13;<\/p>\n<p>&#13;<br \/>\n                &#13;\n            <\/p>\n<p>&#13;<\/p>\n<p>Cordeiro \u00e0 Moda de Mon\u00e7\u00e3o<\/p>\n<p dir=\"ltr\"><strong>MON\u00c7\u00c3O V\u00e1rios locais. Dias 18\/10 e 19\/10.<\/strong><\/p>\n<p dir=\"ltr\">Conhecido como \u201cfoda \u00e0 Mon\u00e7\u00e3o\u201d e timbrado como uma das Sete Maravilhas \u00c0 Mesa de Portugal, o cordeiro \u00e0 moda da terra torna a ganhar honras \u00e0 mesa. A degusta\u00e7\u00e3o \u00e9 servida em dezena e meia de restaurantes locais e vem guarnecida com harmoniza\u00e7\u00f5es de vinhos, provas comentadas, m\u00fasica, um workshop de acepipes de cordeiro e outras anima\u00e7\u00f5es.<\/p>\n<p>        &#13;<\/p>\n<p>&#13;<br \/>\n                &#13;\n            <\/p>\n<p>&#13;<\/p>\n<p>Festa da Batata-Doce<\/p>\n<p dir=\"ltr\"><strong>ODEMIRA Aldeia do Cavaleiro &#8211; S\u00e3o Teot\u00f3nio. Dias 18\/10 e 19\/10. Entrada livre<\/strong><\/p>\n<p dir=\"ltr\">Cozida, assada ou frita. A vapor ou na chapa. \u00c0s rodelas, farripas ou inteira. Com ou sem casca. Em tons alaranjados ou p\u00farpura. S\u00e3o muitas as formas de apresentar a batata-doce ao palato e outros tantos os benef\u00edcios de quem a inclui na sua dieta alimentar. No Cavaleiro conta-se mais uma edi\u00e7\u00e3o do certame que, a par dos produtores locais, faz a montra com artesanato, anima\u00e7\u00e3o musical e showcooking.<\/p>\n<p>        &#13;<\/p>\n<p>&#13;<br \/>\n                &#13;\n            <\/p>\n<p>&#13;<\/p>\n","protected":false},"excerpt":{"rendered":"Os Maias LISBOA Teatro Cam\u00f5es. De 16\/10 a 26\/10. Quinta e sexta, \u00e0s 20h; s\u00e1bado, \u00e0s 18h30; domingo,&hellip;\n","protected":false},"author":2,"featured_media":115848,"comment_status":"","ping_status":"","sticky":false,"template":"","format":"standard","meta":{"footnotes":""},"categories":[85],"tags":[1632,3144,114,115,2085,287,754,294,150,1633,12082,32,33,291],"class_list":{"0":"post-115847","1":"post","2":"type-post","3":"status-publish","4":"format-standard","5":"has-post-thumbnail","7":"category-entretenimento","8":"tag-agenda","9":"tag-danca","10":"tag-entertainment","11":"tag-entretenimento","12":"tag-fotografia","13":"tag-fugas","14":"tag-gastronomia","15":"tag-lazer","16":"tag-musica","17":"tag-o-que-fazer","18":"tag-performance","19":"tag-portugal","20":"tag-pt","21":"tag-relaxar"},"share_on_mastodon":{"url":"","error":""},"_links":{"self":[{"href":"https:\/\/www.europesays.com\/pt\/wp-json\/wp\/v2\/posts\/115847","targetHints":{"allow":["GET"]}}],"collection":[{"href":"https:\/\/www.europesays.com\/pt\/wp-json\/wp\/v2\/posts"}],"about":[{"href":"https:\/\/www.europesays.com\/pt\/wp-json\/wp\/v2\/types\/post"}],"author":[{"embeddable":true,"href":"https:\/\/www.europesays.com\/pt\/wp-json\/wp\/v2\/users\/2"}],"replies":[{"embeddable":true,"href":"https:\/\/www.europesays.com\/pt\/wp-json\/wp\/v2\/comments?post=115847"}],"version-history":[{"count":0,"href":"https:\/\/www.europesays.com\/pt\/wp-json\/wp\/v2\/posts\/115847\/revisions"}],"wp:featuredmedia":[{"embeddable":true,"href":"https:\/\/www.europesays.com\/pt\/wp-json\/wp\/v2\/media\/115848"}],"wp:attachment":[{"href":"https:\/\/www.europesays.com\/pt\/wp-json\/wp\/v2\/media?parent=115847"}],"wp:term":[{"taxonomy":"category","embeddable":true,"href":"https:\/\/www.europesays.com\/pt\/wp-json\/wp\/v2\/categories?post=115847"},{"taxonomy":"post_tag","embeddable":true,"href":"https:\/\/www.europesays.com\/pt\/wp-json\/wp\/v2\/tags?post=115847"}],"curies":[{"name":"wp","href":"https:\/\/api.w.org\/{rel}","templated":true}]}}