{"id":115849,"date":"2025-10-18T12:14:17","date_gmt":"2025-10-18T12:14:17","guid":{"rendered":"https:\/\/www.europesays.com\/pt\/115849\/"},"modified":"2025-10-18T12:14:17","modified_gmt":"2025-10-18T12:14:17","slug":"investigadora-da-uminho-ganha-premio-nos-estados-unidos","status":"publish","type":"post","link":"https:\/\/www.europesays.com\/pt\/115849\/","title":{"rendered":"Investigadora da UMinho ganha pr\u00e9mio nos Estados Unidos"},"content":{"rendered":"<p>A investigadora Sofia Matos, da Escola de Ci\u00eancias da Universidade do Minho (ECUM), foi distinguida pela Academia Americana de Optometria com o prestigiado Garland W. Clay Award, pela autoria do artigo cient\u00edfico mais impactante do ano na \u00e1rea. O galard\u00e3o foi entregue no encontro Academy 2025 Boston, nos Estados Unidos da Am\u00e9rica (EUA).<\/p>\n<p>&#13;<br \/>\n&#13;<br \/>\n&#13;<\/p>\n<p>Intitulado \u201cLong-term effect of dual-focus contact lenses on myopia progression in children\u201d (efeito a longo prazo das lentes de contato de foco duplo na progress\u00e3o da miopia em crian\u00e7as), o artigo foi publicado na revista Optometry and Vision Science e teve a coautoria de nove investigadores dos EUA, Reino Unido, Singapura, Canad\u00e1 e Austr\u00e1lia, al\u00e9m do diretor cient\u00edfico do grupo CooperVision. <\/p>\n<p>A equipa tem desenvolvido h\u00e1 v\u00e1rios anos um estudo cl\u00ednico internacional e j\u00e1 recebeu aquele galard\u00e3o em 2021 relativo a outro artigo. \u201c\u00c9 uma honra receber de novo o pr\u00e9mio, que reconhece as nossas contribui\u00e7\u00f5es nos \u00faltimos cinco anos\u201d, refere Sofia Matos.<\/p>\n<p>Em comunicado, a academia minhota explica que a pesquisa recente analisou o impacto das lentes de contacto gelatinosas de foco duplo (MiSight 1 Day) na progress\u00e3o da miopia em crian\u00e7as ao longo de seis anos. <\/p>\n<p>Os resultados demonstraram uma desacelera\u00e7\u00e3o significativa e sustentada da progress\u00e3o da miopia, bem como do crescimento axial do globo ocular. As crian\u00e7as que mudaram de lentes convencionais para lentes de tratamento ap\u00f3s tr\u00eas anos tamb\u00e9m registaram uma diminui\u00e7\u00e3o de 71% no crescimento ocular. O efeito manteve-se ao longo dos seis anos e foi bem tolerado em 90% dos casos.<\/p>\n<p>Estas lentes obtiveram a aprova\u00e7\u00e3o da ag\u00eancia governamental norte-americana FDA como o primeiro produto comprovado clinicamente para retardar a progress\u00e3o da miopia em crian\u00e7as de 8 a 12 anos aquando do in\u00edcio do tratamento. \u201cO ensaio cl\u00ednico em que este trabalho se baseia constitui um marco no avan\u00e7o do controlo da progress\u00e3o da miopia em crian\u00e7as, evidenciando o impacto que a investiga\u00e7\u00e3o colaborativa pode ter na sa\u00fade visual a n\u00edvel global\u201d, acrescenta Sofia Matos, destacando neste \u00e2mbito o trabalho do Laborat\u00f3rio de Investiga\u00e7\u00e3o em Optometria Cl\u00ednica e Experimental (CEORLab) do Departamento de F\u00edsica da UMinho em conjunto com os parceiros internacionais.<\/p>\n<p>O pr\u00e9mio Garland W. Clay \u00e9 um dos mais prestigiados do mundo na \u00e1rea. Atribu\u00eddo desde 1978, distingue os melhores artigos publicados na revista American Journal of Optometry and Physiological Optics (atualmente, Optometry and Vision Science), tendo como crit\u00e9rios a originalidade, a relev\u00e2ncia cl\u00ednica, a integridade da investiga\u00e7\u00e3o e a qualidade da apresenta\u00e7\u00e3o.<\/p>\n<p>Da investiga\u00e7\u00e3o \u00e0 pr\u00e1tica cl\u00ednica<\/p>\n<p>Sofia Cl\u00e1udia Peixoto de Matos \u00e9 licenciada em Optometria e Ci\u00eancias da Vis\u00e3o pela UMinho, onde concluiu tamb\u00e9m o mestrado em Optometria Avan\u00e7ada. \u00c9 coautora de diversos artigos cient\u00edficos e cap\u00edtulos de livros, tendo colaborado em m\u00faltiplos projetos nacionais e internacionais. \u00c9 investigadora do CEORLab e docente no Departamento de F\u00edsica da UMinho, exercendo tamb\u00e9m pr\u00e1tica cl\u00ednica e de gest\u00e3o em optometria no setor privado. Centra a investiga\u00e7\u00e3o sobre as lentes de contacto e o controlo da progress\u00e3o da miopia.<\/p>\n","protected":false},"excerpt":{"rendered":"A investigadora Sofia Matos, da Escola de Ci\u00eancias da Universidade do Minho (ECUM), foi distinguida pela Academia Americana&hellip;\n","protected":false},"author":2,"featured_media":115850,"comment_status":"","ping_status":"","sticky":false,"template":"","format":"standard","meta":{"footnotes":""},"categories":[50],"tags":[27,28,15,16,14,25,26,21,22,62,12,13,19,20,23,24,17,18,29,30,31,63,64,65],"class_list":{"0":"post-115849","1":"post","2":"type-post","3":"status-publish","4":"format-standard","5":"has-post-thumbnail","7":"category-mundo","8":"tag-breaking-news","9":"tag-breakingnews","10":"tag-featured-news","11":"tag-featurednews","12":"tag-headlines","13":"tag-latest-news","14":"tag-latestnews","15":"tag-main-news","16":"tag-mainnews","17":"tag-mundo","18":"tag-news","19":"tag-noticias","20":"tag-noticias-principais","21":"tag-noticiasprincipais","22":"tag-principais-noticias","23":"tag-principaisnoticias","24":"tag-top-stories","25":"tag-topstories","26":"tag-ultimas","27":"tag-ultimas-noticias","28":"tag-ultimasnoticias","29":"tag-world","30":"tag-world-news","31":"tag-worldnews"},"share_on_mastodon":{"url":"","error":""},"_links":{"self":[{"href":"https:\/\/www.europesays.com\/pt\/wp-json\/wp\/v2\/posts\/115849","targetHints":{"allow":["GET"]}}],"collection":[{"href":"https:\/\/www.europesays.com\/pt\/wp-json\/wp\/v2\/posts"}],"about":[{"href":"https:\/\/www.europesays.com\/pt\/wp-json\/wp\/v2\/types\/post"}],"author":[{"embeddable":true,"href":"https:\/\/www.europesays.com\/pt\/wp-json\/wp\/v2\/users\/2"}],"replies":[{"embeddable":true,"href":"https:\/\/www.europesays.com\/pt\/wp-json\/wp\/v2\/comments?post=115849"}],"version-history":[{"count":0,"href":"https:\/\/www.europesays.com\/pt\/wp-json\/wp\/v2\/posts\/115849\/revisions"}],"wp:featuredmedia":[{"embeddable":true,"href":"https:\/\/www.europesays.com\/pt\/wp-json\/wp\/v2\/media\/115850"}],"wp:attachment":[{"href":"https:\/\/www.europesays.com\/pt\/wp-json\/wp\/v2\/media?parent=115849"}],"wp:term":[{"taxonomy":"category","embeddable":true,"href":"https:\/\/www.europesays.com\/pt\/wp-json\/wp\/v2\/categories?post=115849"},{"taxonomy":"post_tag","embeddable":true,"href":"https:\/\/www.europesays.com\/pt\/wp-json\/wp\/v2\/tags?post=115849"}],"curies":[{"name":"wp","href":"https:\/\/api.w.org\/{rel}","templated":true}]}}