{"id":115855,"date":"2025-10-18T12:19:14","date_gmt":"2025-10-18T12:19:14","guid":{"rendered":"https:\/\/www.europesays.com\/pt\/115855\/"},"modified":"2025-10-18T12:19:14","modified_gmt":"2025-10-18T12:19:14","slug":"luis-osorio-em-palestra-na-biblioteca-municipal-de-lagoa-algarve-vivo","status":"publish","type":"post","link":"https:\/\/www.europesays.com\/pt\/115855\/","title":{"rendered":"Lu\u00eds Os\u00f3rio em palestra na Biblioteca Municipal de Lagoa \u2013 Algarve Vivo"},"content":{"rendered":"<p><img fetchpriority=\"high\" decoding=\"async\" width=\"1024\" height=\"1024\" src=\"https:\/\/www.europesays.com\/pt\/wp-content\/uploads\/2025\/10\/Luis-Osorio-1024x1024.jpg\" alt=\"\" class=\"wp-image-41274\"  \/><\/p>\n<p>\u2018Os Caminhos da Leitura para a Igualdade e Inclus\u00e3o\u2019 \u00e9 o t\u00edtulo da palestra que, a 22 de outubro, \u00e0s 18h00, traz Lu\u00eds Os\u00f3rio \u00e0 Biblioteca Municipal de Lagoa. Com onze livros publicados, o autor \u00e9 cronista di\u00e1rio na Antena 1, onde assina o \u2018Postal do Dia\u2019, e no Jornal de Not\u00edcias. A sess\u00e3o, inserida na atividade \u2018Celebrando a Palavra\u2019, \u00e9 apresentada por Maria Lu\u00edsa Francisco. A entrada \u00e9 livre.<\/p>\n","protected":false},"excerpt":{"rendered":"\u2018Os Caminhos da Leitura para a Igualdade e Inclus\u00e3o\u2019 \u00e9 o t\u00edtulo da palestra que, a 22 de&hellip;\n","protected":false},"author":2,"featured_media":115856,"comment_status":"","ping_status":"","sticky":false,"template":"","format":"standard","meta":{"footnotes":""},"categories":[143],"tags":[169,114,115,170,32,33],"class_list":{"0":"post-115855","1":"post","2":"type-post","3":"status-publish","4":"format-standard","5":"has-post-thumbnail","7":"category-livros","8":"tag-books","9":"tag-entertainment","10":"tag-entretenimento","11":"tag-livros","12":"tag-portugal","13":"tag-pt"},"share_on_mastodon":{"url":"","error":""},"_links":{"self":[{"href":"https:\/\/www.europesays.com\/pt\/wp-json\/wp\/v2\/posts\/115855","targetHints":{"allow":["GET"]}}],"collection":[{"href":"https:\/\/www.europesays.com\/pt\/wp-json\/wp\/v2\/posts"}],"about":[{"href":"https:\/\/www.europesays.com\/pt\/wp-json\/wp\/v2\/types\/post"}],"author":[{"embeddable":true,"href":"https:\/\/www.europesays.com\/pt\/wp-json\/wp\/v2\/users\/2"}],"replies":[{"embeddable":true,"href":"https:\/\/www.europesays.com\/pt\/wp-json\/wp\/v2\/comments?post=115855"}],"version-history":[{"count":0,"href":"https:\/\/www.europesays.com\/pt\/wp-json\/wp\/v2\/posts\/115855\/revisions"}],"wp:featuredmedia":[{"embeddable":true,"href":"https:\/\/www.europesays.com\/pt\/wp-json\/wp\/v2\/media\/115856"}],"wp:attachment":[{"href":"https:\/\/www.europesays.com\/pt\/wp-json\/wp\/v2\/media?parent=115855"}],"wp:term":[{"taxonomy":"category","embeddable":true,"href":"https:\/\/www.europesays.com\/pt\/wp-json\/wp\/v2\/categories?post=115855"},{"taxonomy":"post_tag","embeddable":true,"href":"https:\/\/www.europesays.com\/pt\/wp-json\/wp\/v2\/tags?post=115855"}],"curies":[{"name":"wp","href":"https:\/\/api.w.org\/{rel}","templated":true}]}}