{"id":115860,"date":"2025-10-18T12:24:08","date_gmt":"2025-10-18T12:24:08","guid":{"rendered":"https:\/\/www.europesays.com\/pt\/115860\/"},"modified":"2025-10-18T12:24:08","modified_gmt":"2025-10-18T12:24:08","slug":"bichinha-anda-ca-o-momento-hilariante-de-jesus-com-um-gato","status":"publish","type":"post","link":"https:\/\/www.europesays.com\/pt\/115860\/","title":{"rendered":"\u00abBichinha, anda c\u00e1\u00bb: o momento hilariante de Jesus&#8230; com um gato"},"content":{"rendered":"<p style=\"margin-bottom:11px\">O treino do Al Nassr teve uma visita especial. Um gato invadiu o relvado da equipa saudita e, confrontado com a situa\u00e7\u00e3o, Jorge Jesus reagiu de forma hilariante.<\/p>\n<p>\u00abBichinha, anda c\u00e1\u00bb, disse o treinador portugu\u00eas, para chamar o gato. Apesar dos mimos que deu ao animal, Jesus deixou bem claro que at\u00e9 prefere c\u00e3es a gatos. E f\u00ea-o\u2026 em ingl\u00eas.<\/p>\n<p>\u00abI don&#8217;t like cats, I like dogs\u00bb, brincou.<\/p>\n<p><strong>Ora veja:<\/strong><\/p>\n","protected":false},"excerpt":{"rendered":"O treino do Al Nassr teve uma visita especial. Um gato invadiu o relvado da equipa saudita e,&hellip;\n","protected":false},"author":2,"featured_media":115861,"comment_status":"","ping_status":"","sticky":false,"template":"","format":"standard","meta":{"footnotes":""},"categories":[87],"tags":[685,135,1147,436,46,32,33,47,134],"class_list":{"0":"post-115860","1":"post","2":"type-post","3":"status-publish","4":"format-standard","5":"has-post-thumbnail","7":"category-desporto","8":"tag-al-nassr","9":"tag-desporto","10":"tag-jorge-jesus","11":"tag-made-in","12":"tag-maisfutebol","13":"tag-portugal","14":"tag-pt","15":"tag-pura-paixao","16":"tag-sports"},"share_on_mastodon":{"url":"","error":""},"_links":{"self":[{"href":"https:\/\/www.europesays.com\/pt\/wp-json\/wp\/v2\/posts\/115860","targetHints":{"allow":["GET"]}}],"collection":[{"href":"https:\/\/www.europesays.com\/pt\/wp-json\/wp\/v2\/posts"}],"about":[{"href":"https:\/\/www.europesays.com\/pt\/wp-json\/wp\/v2\/types\/post"}],"author":[{"embeddable":true,"href":"https:\/\/www.europesays.com\/pt\/wp-json\/wp\/v2\/users\/2"}],"replies":[{"embeddable":true,"href":"https:\/\/www.europesays.com\/pt\/wp-json\/wp\/v2\/comments?post=115860"}],"version-history":[{"count":0,"href":"https:\/\/www.europesays.com\/pt\/wp-json\/wp\/v2\/posts\/115860\/revisions"}],"wp:featuredmedia":[{"embeddable":true,"href":"https:\/\/www.europesays.com\/pt\/wp-json\/wp\/v2\/media\/115861"}],"wp:attachment":[{"href":"https:\/\/www.europesays.com\/pt\/wp-json\/wp\/v2\/media?parent=115860"}],"wp:term":[{"taxonomy":"category","embeddable":true,"href":"https:\/\/www.europesays.com\/pt\/wp-json\/wp\/v2\/categories?post=115860"},{"taxonomy":"post_tag","embeddable":true,"href":"https:\/\/www.europesays.com\/pt\/wp-json\/wp\/v2\/tags?post=115860"}],"curies":[{"name":"wp","href":"https:\/\/api.w.org\/{rel}","templated":true}]}}