{"id":115862,"date":"2025-10-18T12:25:09","date_gmt":"2025-10-18T12:25:09","guid":{"rendered":"https:\/\/www.europesays.com\/pt\/115862\/"},"modified":"2025-10-18T12:25:09","modified_gmt":"2025-10-18T12:25:09","slug":"diagnostico-precoce-do-cancer-de-mama-pode-salvar-vidas","status":"publish","type":"post","link":"https:\/\/www.europesays.com\/pt\/115862\/","title":{"rendered":"Diagn\u00f3stico precoce do c\u00e2ncer de mama pode salvar vidas"},"content":{"rendered":"<p><img fetchpriority=\"high\" decoding=\"async\" class=\"w-fit lg:w-full\" loading=\"eager\" src=\"https:\/\/www.europesays.com\/pt\/wp-content\/uploads\/2025\/10\/5489249_b5fc7da434922f5.png\" title=\"Visual Generation \/ stock.adobe.com\" alt=\"Visual Generation \/ stock.adobe.com\" width=\"700\" height=\"477\"\/>Em 2024, mais de 20 mil brasileiras perderam a vida em decorr\u00eancia da doen\u00e7a. Visual Generation \/ stock.adobe.com<\/p>\n<p><strong>Entre todos os tipos de <\/strong><a href=\"https:\/\/gauchazh.clicrbs.com.br\/saude\/noticia\/2025\/10\/cancer-de-mama-mitos-e-verdades-sobre-a-doenca-cmgqoo9xq00is016bdutfv332.html\" rel=\"nofollow noopener\" target=\"_blank\"><strong>c\u00e2ncer,<\/strong><\/a><strong> o de mama \u00e9 o que mais mata mulheres<\/strong> no Brasil. Somente em 2024, segundo o Instituto Nacional do C\u00e2ncer (Inca), \u00a0<strong>20.165 brasileiras perderam a vida em decorr\u00eancia da doen\u00e7a.<\/strong> No Rio Grande do Sul, foram 1.536 \u00f3bitos registrados. O Sul, ao lado do Sudeste, figura entre \u00a0as regi\u00f5es com maior incid\u00eancia. Apenas no Estado, 3.720 novos casos foram identificados no \u00faltimo ano. O relat\u00f3rio Controle do C\u00e2ncer de Mama \u00a0no Brasil: Dados e N\u00fameros 2025 estima que, <strong>em 2025, o pa\u00eds deve ultrapassar 73 mil novos diagn\u00f3sticos.<\/strong> \u00a0<\/p>\n<p>O c\u00e2ncer de mama pode ter ou n\u00e3o origem gen\u00e9tica. <strong>A<\/strong> <strong>m\u00e9dica mastologista cooperada da Unimed Porto Alegre<\/strong> Bianca Seitenfus explica que apenas 5% a 10% dos casos t\u00eam <a href=\"https:\/\/gauchazh.clicrbs.com.br\/saude\/noticia\/2025\/09\/ministerio-da-saude-passa-a-recomendar-mamografia-a-partir-dos-40-anos-cmfws0htc00op011ydx7lfof2.html\" rel=\"nofollow noopener\" target=\"_blank\">heran\u00e7a heredit\u00e1ria.<\/a> A maioria dos diagn\u00f3sticos est\u00e1 relacionado a fatores \u00a0externos, como estilo de vida. \u00a0<\/p>\n<p><strong>\u2014 O principal fator de risco \u00e9 o sobrepeso ou a obesidade, al\u00e9m do consumo de \u00e1lcool e do sedentarismo. <\/strong>A boa not\u00edcia \u00e9 que esses aspectos s\u00e3o modific\u00e1veis. J\u00e1 fatores como o envelhecimento celular n\u00e3o podem \u00a0ser evitados, por isso o risco aumenta ap\u00f3s os 50 anos \u2014 afirma.\u00a0<\/p>\n<p>Aten\u00e7\u00e3o aos sinais do corpo<\/p>\n<p>Embora encontrar um n\u00f3dulo na mama cause apreens\u00e3o nas mulheres, nem sempre a les\u00e3o \u00e9 sinal de c\u00e2ncer. Em alguns caos, a altera\u00e7\u00e3o \u00e9 benigna. Ainda assim, <strong>m\u00e9dicos alertam que \u00a0todo n\u00f3dulo deve ser avaliado,<\/strong> pois o c\u00e2ncer de mama tamb\u00e9m pode se apresentar dessa forma. O diagn\u00f3stico precoce continua sendo o principal aliado para garantir boas chances de tratamento e cura.\u00a0<\/p>\n<p>A campanha mundial <a href=\"https:\/\/gauchazh.clicrbs.com.br\/saude\/noticia\/2024\/10\/rosa-colore-predios-de-porto-alegre-para-conscientizar-sobre-a-prevencao-ao-cancer-de-mama-cm20h1tzi00gd010655ig7sh9.html\" rel=\"nofollow noopener\" target=\"_blank\"><strong>Outubro Rosa<\/strong><\/a> refor\u00e7a a import\u00e2ncia da conscientiza\u00e7\u00e3o sobre a doen\u00e7a e incentiva mulheres de todo o mundo a ficarem atentas aos sinais do pr\u00f3prio corpo. <strong>A<\/strong> <strong>m\u00e9dica mastologista cooperada da Unimed Porto Alegre<\/strong> Michela Marczyk ressalta que o autoexame e os exames de imagem s\u00e3o fundamentais para a detec\u00e7\u00e3o precoce.\u00a0<\/p>\n<p>\u2014 <strong>A mamografia, especialmente ap\u00f3s os 40 anos, reduz a mortalidade em mais de 35%.<\/strong> \u00c9 o \u00fanico exame capaz \u00a0de identificar les\u00f5es muito pequenas \u2014 \u00e0s vezes menores que um cent\u00edmetro \u2014 ou microcalcifica\u00e7\u00f5es que podem indicar o c\u00e2ncer ou altera\u00e7\u00f5es pr\u00e9-carcer\u00edgenas \u2014 explica. \u00a0<\/p>\n<p>Tratamento<\/p>\n<p><strong>A confirma\u00e7\u00e3o do diagn\u00f3stico provoca um impacto emocional imediato<\/strong> e gera d\u00favidas sobre o tratamento, a rotina \u00a0e o futuro. Nessa etapa, <strong>informa\u00e7\u00e3o de qualidade, acompanhamento m\u00e9dico constante e uma rede de apoio s\u00f3lida s\u00e3o fundamentais.<\/strong> Manter h\u00e1bitos saud\u00e1veis, buscar equil\u00edbrio na rotina e contar com suporte psicol\u00f3gico ajudam a preservar o bem-estar e fortalecem a confian\u00e7a da paciente.\u00a0<\/p>\n<p><strong>Outra etapa importante \u00e9 a defini\u00e7\u00e3o do tratamento, <\/strong>realizada com base em exames espec\u00edficos. Segundo Michela, \u00a0a imunohistoqu\u00edmica \u2014 an\u00e1lise das c\u00e9lulas a partir do material da bi\u00f3psia \u2014 funciona como o \u201cCPF da les\u00e3o\u201d, determinando o tipo de tumor e \u00a0orientando a conduta m\u00e9dica.\u00a0<\/p>\n<p><strong>A abordagem deve envolver diferentes profissionais<\/strong> e pode combinar cirurgia, \u00a0quimioterapia, radioterapia, \u00a0imunoterapia ou terapia-alvo \u2014 que utiliza medicamentos para atacar diretamente as c\u00e9lulas cancer\u00edgenas.\u00a0<\/p>\n<p><strong>\u2014 Para pacientes que seguem o tratamento, a chance de cura \u00e9 de cerca de 95%.<\/strong> Depois, recomendamos pelo menos cinco anos de acompanhamento \u2014 refor\u00e7a Bianca.\u00a0<\/p>\n<p>Hora da virada<\/p>\n<p><img decoding=\"async\" class=\"w-fit lg:w-full\" loading=\"eager\" src=\"https:\/\/www.europesays.com\/pt\/wp-content\/uploads\/2025\/10\/5489237_3cb1fc28b8d6f89.jpg\" title=\"Muriell Cust\u00f3dio \/ Conte\u00fado para Marcas\" alt=\"Muriell Cust\u00f3dio \/ Conte\u00fado para Marcas\" width=\"700\" height=\"477\"\/>Jornalista Eduarda Streb tratou um c\u00e2ncer de mama aos 48 anos.Muriell Cust\u00f3dio \/ Conte\u00fado para Marcas<\/p>\n<p>A jornalista e empres\u00e1ria <strong>Eduarda Streb foi diagnosticada com c\u00e2ncer de mama aos 48 anos, em 2021.<\/strong> Vinda de uma \u00a0fam\u00edlia com hist\u00f3rico da doen\u00e7a, ela descobriu o c\u00e2ncer durante uma consulta de rotina.\u00a0<\/p>\n<p>\u2014 Eu tinha uma vida ativa, praticava esportes, nunca fui sedent\u00e1ria. E, de repente, veio o diagn\u00f3stico. Mas <strong>sempre estive em dia com os exames, e isso me salvou \u2014 relembra. \u00a0<\/strong><\/p>\n<p>Contar para a fam\u00edlia foi um dos momentos mais dif\u00edceis, \u00a0especialmente para a filha, que tinha 11 anos na \u00e9poca. <strong>Com apoio familiar, Eduarda \u00a0recorda que enfrentou um tratamento intenso. <\/strong>\u00a0<\/p>\n<p>\u2014 Retirei a mama esquerda, fiz quimioterapia e usei a touca gelada para amenizar a queda dos fios. Tamb\u00e9m passei por terapia alvo, com 18 aplica\u00e7\u00f5es. <strong>Mesmo j\u00e1 curada, \u00a0seguirei tomando medica\u00e7\u00e3o por 10 anos \u2014 relata.<\/strong> \u00a0<\/p>\n<p><strong>Hoje, ela compartilha sua trajet\u00f3ria nas redes sociais para inspirar outras mulheres.<\/strong> Para Eduarda, a \u201chora da virada\u201d vai al\u00e9m do diagn\u00f3stico: \u00e9 \u00a0sobre redescobrir for\u00e7as, buscar informa\u00e7\u00e3o e criar uma rede de apoio.<\/p>\n<p><strong>\u2014 Fa\u00e7am os exames preventivos, se priorizem e n\u00e3o se deixem para depois.<\/strong> Temos m\u00e9dicos muito capacitados \u00a0no Rio Grande do Sul e recursos que fazem a diferen\u00e7a. Acreditem na hora da virada \u00a0\u2014 conclui a jornalista.\u00a0<\/p>\n<p>Aten\u00e7\u00e3o aos sintomas<\/p>\n<p><strong>O autoexame \u00e9 uma das formas mais \u00a0conhecidas para detec\u00e7\u00e3o de um poss\u00edvel n\u00f3dulo.<\/strong> No entanto, existem outros sintomas que podem significar um diagn\u00f3stico de c\u00e2ncer de mama, como:\u00a0<\/p>\n<ul>\n<li class=\"unordered-list-item\">Edema cut\u00e2neo (na pele), semelhante \u00e0 casca de laranja;\u00a0<\/li>\n<li class=\"unordered-list-item\">Retra\u00e7\u00e3o cut\u00e2nea;\u00a0<\/li>\n<li class=\"unordered-list-item\">Dor;\u00a0<\/li>\n<li class=\"unordered-list-item\">Invers\u00e3o do mamilo;\u00a0<\/li>\n<li class=\"unordered-list-item\">Hiperemia (vermelhid\u00e3o, calor e incha\u00e7o);\u00a0<\/li>\n<li class=\"unordered-list-item\">Descama\u00e7\u00e3o ou ulcera\u00e7\u00e3o do mamilo (cria\u00e7\u00e3o de peles ou crostas na pele);\u00a0<\/li>\n<li class=\"unordered-list-item\">Secre\u00e7\u00e3o papilar (sa\u00edda de l\u00edquido), \u00a0especialmente quando \u00e9 unilateral e espont\u00e2nea. A secre\u00e7\u00e3o associada ao c\u00e2ncer geralmente \u00e9 transparente, podendo ser rosada ou avermelhada devido \u00e0 presen\u00e7a \u00a0de gl\u00f3bulos vermelhos. Podem tamb\u00e9m surgir linfonodos palp\u00e1veis na axila.\u00a0<\/li>\n<\/ul>\n<p>Fonte: Minist\u00e9rio da Sa\u00fade<\/p>\n<p>Previna-se<\/p>\n<p>Embora existam fatores heredit\u00e1rios associados ao \u00a0c\u00e2ncer de mama, a maioria dos fatores de risco pode ser \u00a0modificada. Adotar um estilo de vida saud\u00e1vel \u00e9 uma das formas mais eficazes de preven\u00e7\u00e3o. \u00a0<\/p>\n<p><strong>Confira as recomenda\u00e7\u00f5es: \u00a0<\/strong><\/p>\n<ul>\n<li class=\"unordered-list-item\">Mantenha o peso corporal adequado;\u00a0<\/li>\n<li class=\"unordered-list-item\">Pratique atividades f\u00edsicas regularmente;\u00a0<\/li>\n<li class=\"unordered-list-item\">Evite o consumo excessivo de bebidas alco\u00f3licas;\u00a0<\/li>\n<li class=\"unordered-list-item\">Adote uma alimenta\u00e7\u00e3o equilibrada e nutritiva;\u00a0<\/li>\n<li class=\"unordered-list-item\">N\u00e3o fume e evite o tabagismo passivo;\u00a0<\/li>\n<li class=\"unordered-list-item\">Amamente pelo maior tempo \u00a0poss\u00edvel, pois a amamenta\u00e7\u00e3o \u00a0tamb\u00e9m oferece prote\u00e7\u00e3o;\u00a0<\/li>\n<li class=\"unordered-list-item\">Cuide da sa\u00fade mental e reduza o estresse. O bem-estar emocional tamb\u00e9m contribui para o equil\u00edbrio do corpo;\u00a0<\/li>\n<li class=\"unordered-list-item\">Evite o uso prolongado e sem acompanhamento m\u00e9dico de horm\u00f4nios, como anticoncepcionais ou terapias \u00a0de reposi\u00e7\u00e3o hormonal; \u00a0<\/li>\n<li class=\"unordered-list-item\">Fazer o autoexame \u00e9 essencial para reconhecer mudan\u00e7as no corpo que \u00a0podem ser um sinal de alerta. \u00a0Especialistas recomendam realizar essa pr\u00e1tica de autocuidado mensalmente;\u00a0<\/li>\n<li class=\"unordered-list-item\">Realize exames preventivos \u00a0conforme a orienta\u00e7\u00e3o m\u00e9dica, como a mamografia e consultas de rotina com \u00a0ginecologista ou mastologista.<\/li>\n<\/ul>\n","protected":false},"excerpt":{"rendered":"Em 2024, mais de 20 mil brasileiras perderam a vida em decorr\u00eancia da doen\u00e7a. Visual Generation \/ stock.adobe.com&hellip;\n","protected":false},"author":2,"featured_media":115863,"comment_status":"","ping_status":"","sticky":false,"template":"","format":"standard","meta":{"footnotes":""},"categories":[86],"tags":[5960,20410,116,32,33,117,20409],"class_list":{"0":"post-115862","1":"post","2":"type-post","3":"status-publish","4":"format-standard","5":"has-post-thumbnail","7":"category-saude","8":"tag-cancer-de-mama","9":"tag-conteudo-de-marca","10":"tag-health","11":"tag-portugal","12":"tag-pt","13":"tag-saude","14":"tag-viverbemjuntosunimed"},"share_on_mastodon":{"url":"","error":""},"_links":{"self":[{"href":"https:\/\/www.europesays.com\/pt\/wp-json\/wp\/v2\/posts\/115862","targetHints":{"allow":["GET"]}}],"collection":[{"href":"https:\/\/www.europesays.com\/pt\/wp-json\/wp\/v2\/posts"}],"about":[{"href":"https:\/\/www.europesays.com\/pt\/wp-json\/wp\/v2\/types\/post"}],"author":[{"embeddable":true,"href":"https:\/\/www.europesays.com\/pt\/wp-json\/wp\/v2\/users\/2"}],"replies":[{"embeddable":true,"href":"https:\/\/www.europesays.com\/pt\/wp-json\/wp\/v2\/comments?post=115862"}],"version-history":[{"count":0,"href":"https:\/\/www.europesays.com\/pt\/wp-json\/wp\/v2\/posts\/115862\/revisions"}],"wp:featuredmedia":[{"embeddable":true,"href":"https:\/\/www.europesays.com\/pt\/wp-json\/wp\/v2\/media\/115863"}],"wp:attachment":[{"href":"https:\/\/www.europesays.com\/pt\/wp-json\/wp\/v2\/media?parent=115862"}],"wp:term":[{"taxonomy":"category","embeddable":true,"href":"https:\/\/www.europesays.com\/pt\/wp-json\/wp\/v2\/categories?post=115862"},{"taxonomy":"post_tag","embeddable":true,"href":"https:\/\/www.europesays.com\/pt\/wp-json\/wp\/v2\/tags?post=115862"}],"curies":[{"name":"wp","href":"https:\/\/api.w.org\/{rel}","templated":true}]}}