{"id":115864,"date":"2025-10-18T12:26:13","date_gmt":"2025-10-18T12:26:13","guid":{"rendered":"https:\/\/www.europesays.com\/pt\/115864\/"},"modified":"2025-10-18T12:26:13","modified_gmt":"2025-10-18T12:26:13","slug":"transformar-a-casa-de-infancia-ja-invejamos-a-cozinha-de-cristina-ferreira","status":"publish","type":"post","link":"https:\/\/www.europesays.com\/pt\/115864\/","title":{"rendered":"Transformar a casa de inf\u00e2ncia? J\u00e1 invejamos a cozinha de Cristina Ferreira"},"content":{"rendered":"<p data-end=\"328\" data-start=\"0\">Cristina Ferreira n\u00e3o tem medo de uma aventura e, recentemente, anunciou que est\u00e1 a planear <a href=\"https:\/\/versa.iol.pt\/cristina-ferreira\/casa\/cristina-ferreira-e-a-nova-dona-da-casa-que-guarda-a-mais-bonita-historia-de-amor\/20250901\/68b55c92d34e3f0baea232ee\" rel=\"nofollow noopener\" target=\"_blank\">reabilitar a casa dos av\u00f3s, &#8220;um sonho antigo&#8221;, explicou no Instagram<\/a>. Trata-se da casa onde a apresentadora e o seu pai nasceram e que guarda &#8220;a \u00fanica mem\u00f3ria&#8221; que tem da av\u00f3.\u00a0<\/p>\n<p data-end=\"328\" data-start=\"0\">Hoje em dia, muitas pessoas est\u00e3o a fazer o mesmo que a empres\u00e1ria, ou seja, a dar uma nova vida a uma casa antiga, come\u00e7ando-a praticamente do zero. \u00c9 um processo longo, mas, ao mesmo tempo, muito criativo e que permite pensar em todos os detalhes.\u00a0<\/p>\n<p data-end=\"328\" data-start=\"0\">Cristina Ferreira est\u00e1 a fazer exatamente isso com a sua casa de inf\u00e2ncia e, recentemente, na rede social, mostrou uma imagem que serve de inspira\u00e7\u00e3o para a remodela\u00e7\u00e3o da futura cozinha desta casa. Est\u00e1 a dar especial aten\u00e7\u00e3o a esta divis\u00e3o porque na sua fam\u00edlia as cozinhas &#8220;s\u00e3o o centro da casa&#8221;.\u00a0<\/p>\n<p data-end=\"328\" data-start=\"0\">Ent\u00e3o, na imagem partilhada vemos uma cozinha\u00a0minimalista, mas com toques escandinavos e industriais. Trata-se de um espa\u00e7o que tem como principais materiais a madeira clara, no ch\u00e3o e arm\u00e1rios, e o cimento nas paredes e na mesa que serve de ilha na cozinha. Um espa\u00e7o de linhas simples, onde o moderno se encontra com o acolhedor, mas sem elementos decorativos em excesso.<\/p>\n<p>Esta \u00e9 uma tend\u00eancia na decora\u00e7\u00e3o de interiores, mas n\u00e3o nasce agora. O estilo industrial surgiu nos anos 1950 e 1970, em Nova Iorque, quando antigos armaz\u00e9ns e f\u00e1bricas foram convertidos em lofts residenciais. Como o objetivo era aproveitar os espa\u00e7os existentes, as estruturas originais eram deixadas \u00e0 vista: cimento, tijolo, ferro, canaliza\u00e7\u00f5es e vigas.<\/p>\n<p data-end=\"799\" data-start=\"594\">Uma est\u00e9tica crua e funcional que acabou por se transformar, com o tempo, numa linguagem visual pr\u00f3pria \u2014 valorizando os\u00a0materiais, as linhas simples e o contraste entre o bruto e o natural. \u00c9 precisamente da\u00ed que vem o uso do cimento (ou bet\u00e3o aparente), do ferro e da madeira reciclada. Mais tarde, com a influ\u00eancia do design escandinavo, que valoriza a luz natural, os tons neutros e a funcionalidade, nasceu uma vertente mais suave elegante: o que chamamos de\u00a0minimalismo industrial.<\/p>\n<p data-end=\"328\" data-start=\"0\">Est\u00e1s inspirado? Podes analisar melhor a imagem partilhada pela apresentadora na galeria e ainda outras de cozinhas com o mesmo estilo.\u00a0<\/p>\n","protected":false},"excerpt":{"rendered":"Cristina Ferreira n\u00e3o tem medo de uma aventura e, recentemente, anunciou que est\u00e1 a planear reabilitar a casa&hellip;\n","protected":false},"author":2,"featured_media":115865,"comment_status":"","ping_status":"","sticky":false,"template":"","format":"standard","meta":{"footnotes":""},"categories":[85],"tags":[1081,2019,166,1875,204,114,115,754,186,1079,32,33,1078,1080],"class_list":{"0":"post-115864","1":"post","2":"type-post","3":"status-publish","4":"format-standard","5":"has-post-thumbnail","7":"category-entretenimento","8":"tag-beleza","9":"tag-casa","10":"tag-cristina-ferreira","11":"tag-decoracao","12":"tag-design","13":"tag-entertainment","14":"tag-entretenimento","15":"tag-gastronomia","16":"tag-lifestyle","17":"tag-moda","18":"tag-portugal","19":"tag-pt","20":"tag-versa","21":"tag-viagens"},"share_on_mastodon":{"url":"","error":""},"_links":{"self":[{"href":"https:\/\/www.europesays.com\/pt\/wp-json\/wp\/v2\/posts\/115864","targetHints":{"allow":["GET"]}}],"collection":[{"href":"https:\/\/www.europesays.com\/pt\/wp-json\/wp\/v2\/posts"}],"about":[{"href":"https:\/\/www.europesays.com\/pt\/wp-json\/wp\/v2\/types\/post"}],"author":[{"embeddable":true,"href":"https:\/\/www.europesays.com\/pt\/wp-json\/wp\/v2\/users\/2"}],"replies":[{"embeddable":true,"href":"https:\/\/www.europesays.com\/pt\/wp-json\/wp\/v2\/comments?post=115864"}],"version-history":[{"count":0,"href":"https:\/\/www.europesays.com\/pt\/wp-json\/wp\/v2\/posts\/115864\/revisions"}],"wp:featuredmedia":[{"embeddable":true,"href":"https:\/\/www.europesays.com\/pt\/wp-json\/wp\/v2\/media\/115865"}],"wp:attachment":[{"href":"https:\/\/www.europesays.com\/pt\/wp-json\/wp\/v2\/media?parent=115864"}],"wp:term":[{"taxonomy":"category","embeddable":true,"href":"https:\/\/www.europesays.com\/pt\/wp-json\/wp\/v2\/categories?post=115864"},{"taxonomy":"post_tag","embeddable":true,"href":"https:\/\/www.europesays.com\/pt\/wp-json\/wp\/v2\/tags?post=115864"}],"curies":[{"name":"wp","href":"https:\/\/api.w.org\/{rel}","templated":true}]}}