{"id":115870,"date":"2025-10-18T12:31:43","date_gmt":"2025-10-18T12:31:43","guid":{"rendered":"https:\/\/www.europesays.com\/pt\/115870\/"},"modified":"2025-10-18T12:31:43","modified_gmt":"2025-10-18T12:31:43","slug":"sporting-inter-encerra-caso-joao-mario","status":"publish","type":"post","link":"https:\/\/www.europesays.com\/pt\/115870\/","title":{"rendered":"Sporting: Inter encerra caso Jo\u00e3o M\u00e1rio"},"content":{"rendered":"<p>Formado no <a class=\"autolink-enabled\" data-resource-id=\"448\" data-resource-type=\"team\" data-sport=\"football\" href=\"https:\/\/www.abola.pt\/futebol\/sporting-448\" rel=\"nofollow noopener\" target=\"_blank\">Sporting<\/a>, o m\u00e9dio <a class=\"autolink-enabled\" data-resource-id=\"5254\" data-resource-type=\"player\" data-sport=\"football\" href=\"https:\/\/www.abola.pt\/futebol\/jogador\/joao-mario-5254\" rel=\"nofollow noopener\" target=\"_blank\">Jo\u00e3o M\u00e1rio<\/a>, atualmente no <a class=\"autolink-enabled\" data-resource-id=\"550\" data-resource-type=\"team\" data-sport=\"football\" href=\"https:\/\/www.abola.pt\/futebol\/aek-550\" rel=\"nofollow noopener\" target=\"_blank\">AEK<\/a> da Gr\u00e9cia por empr\u00e9stimo do <a class=\"autolink-enabled\" data-resource-id=\"521\" data-resource-type=\"team\" data-sport=\"football\" href=\"https:\/\/www.abola.pt\/futebol\/besiktas-521\" rel=\"nofollow noopener\" target=\"_blank\">Besiktas<\/a>, foi transferido de Alvalade para o <a class=\"autolink-enabled\" data-resource-id=\"247\" data-resource-type=\"team\" data-sport=\"football\" href=\"https:\/\/www.abola.pt\/futebol\/inter-247\" rel=\"nofollow noopener\" target=\"_blank\">Inter<\/a>, por 45 milh\u00f5es de euros, em 2016. Em 2020\/2021, \u00e9poca do primeiro t\u00edtulo de Ruben Amorim em Alvalade, os italianos emprestaram o campe\u00e3o da Europa por Portugal e na temporada seguinte o jogador rumou ao\u2026 <a class=\"autolink-enabled\" data-resource-id=\"450\" data-resource-type=\"team\" data-sport=\"football\" href=\"https:\/\/www.abola.pt\/futebol\/benfica-450\" rel=\"nofollow noopener\" target=\"_blank\">Benfica<\/a>, livre, depois de ter rescindido com os de Mil\u00e3o.<\/p>\n<p>Na sequ\u00eancia dessa transfer\u00eancia, os verdes e brancos avan\u00e7aram com processo na justi\u00e7a, reclamando 30 milh\u00f5es de euros por conta do que consideravam ser a viola\u00e7\u00e3o duma cl\u00e1usula que antirrival.<\/p>\n<p>Agora, o <a class=\"autolink-enabled\" data-resource-id=\"247\" data-resource-type=\"team\" data-sport=\"football\" href=\"https:\/\/www.abola.pt\/futebol\/inter-247\" rel=\"nofollow noopener\" target=\"_blank\">Inter<\/a> comunicou ter dado o caso por encerrado e comunicou isso mesmo esta sexta-feira, \u00e0 margem da divulga\u00e7\u00e3o do relat\u00f3rio e contas de 2024\/2025.<\/p>\n<p>Os italianos explicam que em 2023 a FIFA tinha rejeitado recurso interposto e que o Tribunal Arbitral do Desporto (TAS), j\u00e1 este ano, tamb\u00e9m tinha dado raz\u00e3o ao emblema de Mil\u00e3o e, contam, como n\u00e3o foi interposto qualquer novo recurso dentro do prazo e a decis\u00e3o arbitral n\u00e3o pode ser objeto de nova avalia\u00e7\u00e3o, d\u00e3o o caso por encerrado.<\/p>\n<p>A decis\u00e3o do TAS j\u00e1 tinha ent\u00e3o sido proferida em recurso da decis\u00e3o da FIFA mas, apurou A BOLA, o TAS n\u00e3o deixou de reconhecer que ficou por explicar o racional econ\u00f3mico da opera\u00e7\u00e3o, ou seja, n\u00e3o se percebe como \u00e9 que o <a class=\"autolink-enabled\" data-resource-id=\"247\" data-resource-type=\"team\" data-sport=\"football\" href=\"https:\/\/www.abola.pt\/futebol\/inter-247\" rel=\"nofollow noopener\" target=\"_blank\">Inter<\/a> preferiu na altura revogar o contrato do jogador em vez de aceitar uma proposta do <a class=\"autolink-enabled\" data-resource-id=\"448\" data-resource-type=\"team\" data-sport=\"football\" href=\"https:\/\/www.abola.pt\/futebol\/sporting-448\" rel=\"nofollow noopener\" target=\"_blank\">Sporting<\/a>. Mais, n\u00e3o se percebe a refer\u00eancia no relat\u00f3rio e contas do <a class=\"autolink-enabled\" data-resource-id=\"450\" data-resource-type=\"team\" data-sport=\"football\" href=\"https:\/\/www.abola.pt\/futebol\/benfica-450\" rel=\"nofollow noopener\" target=\"_blank\">Benfica<\/a> \u00e0 aquisi\u00e7\u00e3o dos direitos econ\u00f3micos do jogador visto ter-se tratado de contrata\u00e7\u00e3o de um jogador livre.<\/p>\n","protected":false},"excerpt":{"rendered":"Formado no Sporting, o m\u00e9dio Jo\u00e3o M\u00e1rio, atualmente no AEK da Gr\u00e9cia por empr\u00e9stimo do Besiktas, foi transferido&hellip;\n","protected":false},"author":2,"featured_media":115871,"comment_status":"","ping_status":"","sticky":false,"template":"","format":"standard","meta":{"footnotes":""},"categories":[8],"tags":[27,28,15,16,14,25,26,21,22,12,13,19,20,32,23,24,33,17,18,29,30,31],"class_list":{"0":"post-115870","1":"post","2":"type-post","3":"status-publish","4":"format-standard","5":"has-post-thumbnail","7":"category-principais-noticias","8":"tag-breaking-news","9":"tag-breakingnews","10":"tag-featured-news","11":"tag-featurednews","12":"tag-headlines","13":"tag-latest-news","14":"tag-latestnews","15":"tag-main-news","16":"tag-mainnews","17":"tag-news","18":"tag-noticias","19":"tag-noticias-principais","20":"tag-noticiasprincipais","21":"tag-portugal","22":"tag-principais-noticias","23":"tag-principaisnoticias","24":"tag-pt","25":"tag-top-stories","26":"tag-topstories","27":"tag-ultimas","28":"tag-ultimas-noticias","29":"tag-ultimasnoticias"},"share_on_mastodon":{"url":"","error":""},"_links":{"self":[{"href":"https:\/\/www.europesays.com\/pt\/wp-json\/wp\/v2\/posts\/115870","targetHints":{"allow":["GET"]}}],"collection":[{"href":"https:\/\/www.europesays.com\/pt\/wp-json\/wp\/v2\/posts"}],"about":[{"href":"https:\/\/www.europesays.com\/pt\/wp-json\/wp\/v2\/types\/post"}],"author":[{"embeddable":true,"href":"https:\/\/www.europesays.com\/pt\/wp-json\/wp\/v2\/users\/2"}],"replies":[{"embeddable":true,"href":"https:\/\/www.europesays.com\/pt\/wp-json\/wp\/v2\/comments?post=115870"}],"version-history":[{"count":0,"href":"https:\/\/www.europesays.com\/pt\/wp-json\/wp\/v2\/posts\/115870\/revisions"}],"wp:featuredmedia":[{"embeddable":true,"href":"https:\/\/www.europesays.com\/pt\/wp-json\/wp\/v2\/media\/115871"}],"wp:attachment":[{"href":"https:\/\/www.europesays.com\/pt\/wp-json\/wp\/v2\/media?parent=115870"}],"wp:term":[{"taxonomy":"category","embeddable":true,"href":"https:\/\/www.europesays.com\/pt\/wp-json\/wp\/v2\/categories?post=115870"},{"taxonomy":"post_tag","embeddable":true,"href":"https:\/\/www.europesays.com\/pt\/wp-json\/wp\/v2\/tags?post=115870"}],"curies":[{"name":"wp","href":"https:\/\/api.w.org\/{rel}","templated":true}]}}