{"id":115882,"date":"2025-10-18T12:39:13","date_gmt":"2025-10-18T12:39:13","guid":{"rendered":"https:\/\/www.europesays.com\/pt\/115882\/"},"modified":"2025-10-18T12:39:13","modified_gmt":"2025-10-18T12:39:13","slug":"conheca-a-trajetoria-de-profissionais-da-medicina-na-rede-sesa-que-aliam-cuidado-valores-e-proposito","status":"publish","type":"post","link":"https:\/\/www.europesays.com\/pt\/115882\/","title":{"rendered":"Conhe\u00e7a a trajet\u00f3ria de profissionais da Medicina na Rede Sesa que aliam cuidado, valores e prop\u00f3sito"},"content":{"rendered":"<p>&#13;<br \/>\n        &#13;<br \/>\n            &#13;<br \/>\n&#13;<br \/>\n            &#13;<br \/>\n&#13;<br \/>\n            &#13;<br \/>\n                <a href=\"\">18 de outubro de 2025 &#8211; 09:17<\/a>&#13;<br \/>\n                                      #<a href=\"https:\/\/www.ceara.gov.br\/tag\/cuidado\/\" rel=\"tag nofollow noopener\" target=\"_blank\">cuidado<\/a> #<a href=\"https:\/\/www.ceara.gov.br\/tag\/homenagem\/\" rel=\"tag nofollow noopener\" target=\"_blank\">homenagem<\/a> #<a href=\"https:\/\/www.ceara.gov.br\/tag\/medicos\/\" rel=\"tag nofollow noopener\" target=\"_blank\">m\u00e9dicos<\/a> #<a href=\"https:\/\/www.ceara.gov.br\/tag\/proposito\/\" rel=\"tag nofollow noopener\" target=\"_blank\">Prop\u00f3sito<\/a> #<a href=\"https:\/\/www.ceara.gov.br\/tag\/rede-sesa\/\" rel=\"tag nofollow noopener\" target=\"_blank\">Rede Sesa<\/a> #<a href=\"https:\/\/www.ceara.gov.br\/tag\/valores\/\" rel=\"tag nofollow noopener\" target=\"_blank\">valores<\/a> &#13;<br \/>\n                            &#13;<br \/>\n&#13;<\/p>\n<p>Allane Marreiro e M\u00e1rcia Catunda &#8211; Ascom HSJ e da CCC &#8211; Texto e fotos <br \/>&#13;\n<\/p>\n<p>                &#13;<br \/>\n            &#13;<\/p>\n<p><img fetchpriority=\"high\" decoding=\"async\" class=\"aligncenter wp-image-298523 size-full\" src=\"https:\/\/www.europesays.com\/pt\/wp-content\/uploads\/2025\/10\/Dia-do-Medico-Dra-Terezinha-Foto-1-1200x900-1.jpg\" alt=\"\" width=\"1200\" height=\"900\"  \/><\/p>\n<p style=\"text-align: center\">Para a infectologista Terezinha do Menino Jesus, a preocupa\u00e7\u00e3o, ao atender um paciente, \u00e9 assegurar a compreens\u00e3o da doen\u00e7a e a import\u00e2ncia do tratamento\u00a0<\/p>\n<p>Inspira\u00e7\u00e3o e gratid\u00e3o. Palavras que definem os tantos motivos que levaram a infectologista Terezinha do Menino Jesus a dedicar sua vida profissional \u00e0 Medicina.<\/p>\n<p>\u201cCresci no interior do munic\u00edpio de Reden\u00e7\u00e3o, vendo minha m\u00e3e ser aquela pessoa na vizinhan\u00e7a que era chamada quando algum coleguinha se machucava. Ela chegava l\u00e1, lavava a ferida, examinava e fazia o curativo. Eu achava essa atitude da minha m\u00e3e muito bonita, o que come\u00e7ou a chamar minha aten\u00e7\u00e3o para a Medicina. E houve outro fato que talvez seja o mais importante, a ponto de me emocionar at\u00e9 hoje. Meu pai, que nunca estudou, aprendeu a ler e escrever apenas o b\u00e1sico com a irm\u00e3 dele. Um dia, ele disse \u00e0 minha m\u00e3e queria dar aos filhos o que n\u00e3o teve. Ent\u00e3o, com muito esfor\u00e7o, eles se mudaram para Fortaleza. Eu quis me tornar m\u00e9dica para mostrar para eles que o sacrif\u00edcio deles valeu a pena, como uma forma de retribui\u00e7\u00e3o\u201d, conta.<\/p>\n<p>Dos 67 anos de vida de Terezinha, 42 foram preenchidos pelo compromisso com a profiss\u00e3o, seja exercendo o of\u00edcio nos atendimentos, seja na universidade como pesquisadora e professora, ajudando na forma\u00e7\u00e3o de outros m\u00e9dicos, ou ainda nos 30 anos atuando como servidora da\u00a0Secretaria da Sa\u00fade do Cear\u00e1 (Sesa). Ela atua como m\u00e9dica no\u00a0Hospital S\u00e3o Jos\u00e9 (HSJ), onde acompanha pessoas que vivem com HIV\/Aids.<\/p>\n<p><img loading=\"lazy\" decoding=\"async\" class=\"aligncenter wp-image-147783 size-full\" src=\"https:\/\/www.europesays.com\/pt\/wp-content\/uploads\/2025\/10\/Dia-do-Medico-Dra-Terezinha-Foto-2.png\" alt=\"\" width=\"775\" height=\"485\"\/><\/p>\n<p style=\"text-align: center\">Para Terezinha, \u00e9 responsabilidade dela, como m\u00e9dica, adaptar seu conhecimento t\u00e9cnico para uma linguagem em que o paciente se sinta seguro e informado<\/p>\n<p>\u201cAcompanho pacientes com HIV desde o in\u00edcio da epidemia. Formei-me em 1983, ano em que a doen\u00e7a chegou ao Cear\u00e1. Vivenciei de perto a ang\u00fastia de diagnosticar um paciente com HIV, sabendo que a not\u00edcia equivalia a uma senten\u00e7a de morte. Era comum a como\u00e7\u00e3o, o desespero no consult\u00f3rio. Na \u00e9poca, a \u00fanica ferramenta dispon\u00edvel era o\u00a0<strong>acolhimento, o di\u00e1logo e o esfor\u00e7o\u00a0<\/strong>para tratar as infec\u00e7\u00f5es oportunistas.\u00a0Atualmente, a realidade \u00e9 outra. Administramos um \u00fanico comprimido di\u00e1rio e o paciente retoma sua vida com normalidade.\u00a0\u00c9 emocionante ter testemunhado essa mudan\u00e7a. Posso relatar a hist\u00f3ria da evolu\u00e7\u00e3o da medicina\u201d, diz.<\/p>\n<p>Para Terezinha, o\u00a0Hospital S\u00e3o Jos\u00e9\u00a0foi o lugar onde ela aprendeu a ser m\u00e9dica, se envolveu com a hist\u00f3ria dos pacientes. Ela explica que, por mais que tenha uma grande paix\u00e3o por estar na sala de aula lecionando, foi para o HSJ que ela quis voltar depois que se aposentou.<\/p>\n<p>\u201cNa \u00e9poca da pandemia, por conta do adoecimento do meu pai, que j\u00e1 estava velhinho, tinha mais de cem anos, eu me aposentei para me dedicar exclusivamente a ele. Me afastei de todas as atividades que eu estava fazendo. Quando ele faleceu, achei que era o momento de voltar e quis voltar para o Hospital S\u00e3o Jos\u00e9. E isso tem me preenchido. Acho que se aposentar \u00e9 assim, voc\u00ea diminui o ritmo e vai fazer o que gosta. Como m\u00e9dica, sentir o carinho dos pacientes quando me encontram \u00e9 uma coisa que considero muito especial\u201d, finaliza Teresinha.<\/p>\n<p><b>A jornada de um m\u00e9dico paliativista<\/b><\/p>\n<p>\u201cNosso foco principal \u00e9 aliviar o sofrimento humano, melhorando o cuidado atual e\u00a0planejando o cuidado para o futuro\u201d, \u00e9 assim que o m\u00e9dico paliativista da\u00a0Casa de Cuidados do Cear\u00e1 (CCC), Matheus Dias, 30, resume o papel do profissional que atua com\u00a0cuidados paliativos.<\/p>\n<p>Cuidar \u00e9 o prop\u00f3sito de vida dele, por isso a escolha por essa \u00e1rea de atua\u00e7\u00e3o veio por meio da identifica\u00e7\u00e3o com a forma de cuidado n\u00e3o s\u00f3 com o paciente, mas de todos que ali convivem com ele, aliviando o sofrimento, seja ele biol\u00f3gico, emocional, social ou espiritual.<\/p>\n<p>A paix\u00e3o por essa \u00e1rea foi desenvolvida durante a Resid\u00eancia M\u00e9dica, mas o que prevaleceu mesmo foi uma experi\u00eancia pessoal, pois o av\u00f4 de Matheus foi um paciente que recebeu cuidados paliativos. \u201cPude conviver com pacientes que se beneficiaram dessa abordagem, inclusive meu pr\u00f3prio av\u00f4, que tinha dem\u00eancia e faleceu em decorr\u00eancia de complica\u00e7\u00f5es da covid-19. Esse cuidado com ele me marcou bastante e foi um ponto crucial para eu escolher ser m\u00e9dico paliativista\u201d, conta.<\/p>\n<p><img loading=\"lazy\" decoding=\"async\" class=\"aligncenter wp-image-147782\" src=\"https:\/\/www.europesays.com\/pt\/wp-content\/uploads\/2025\/10\/Dr-Matheus-atende-paciente-04-600x450.jpeg\" alt=\"\" width=\"775\" height=\"581\"\/><\/p>\n<p style=\"text-align: center\">Matheus Dias busca dar suporte e apoio aos familiares e cuidadores de pacientes para uma reabilita\u00e7\u00e3o mais segura\u00a0<\/p>\n<p>Segundo o profissional, a realiza\u00e7\u00e3o na profiss\u00e3o e na especialidade vem tamb\u00e9m quando surge a conquista de curar ou melhorar a condi\u00e7\u00e3o do paciente. \u201cNada \u00e9 mais marcante do que conseguir atingir o objetivo de vida daquela pessoa, quando o paciente chega totalmente fragilizado e n\u00f3s conseguimos\u00a0reabilit\u00e1-lo\u00a0para que ele retorne \u00e0 comunidade e \u00e0 sua vida biogr\u00e1fica. S\u00e3o muitas hist\u00f3rias marcadas por comemora\u00e7\u00f5es de anivers\u00e1rios, casamentos, batismos, inclusive aqui na unidade\u201d, relembra.<\/p>\n<p>\u201cO que mais me deixa grato \u00e9 quando a gente est\u00e1 cuidando de um paciente e eu consigo alinhar o cuidado baseado nos valores do que \u00e9 importante para aquela pessoa diante do adoecimento. \u00c9 gratificante quando conseguimos confortar, aliviar o sofrimento, atingir metas de vida, dar suporte e apoio aos familiares e cuidadores desses pacientes\u201d, acrescenta. A dedica\u00e7\u00e3o e amor pelo trabalho foram reconhecidos por pacientes, que fizeram um elogio formal ao profissional por meio da ouvidoria da unidade da Rede Sesa. \u201cIsso nos motiva a trabalhar cada vez melhor\u201d.<\/p>\n<p><img loading=\"lazy\" decoding=\"async\" class=\"aligncenter wp-image-147779\" src=\"https:\/\/www.europesays.com\/pt\/wp-content\/uploads\/2025\/10\/Dr-Matheus-atende-paciente-01-600x450.jpeg\" alt=\"\" width=\"775\" height=\"581\"\/><\/p>\n<p style=\"text-align: center\">Matheus \u00e9 m\u00e9dico com atua\u00e7\u00e3o focada em cuidados paliativos<\/p>\n<p>Diante de tantas hist\u00f3rias emocionantes, ele relembra de uma em especial: \u201cuma paciente estava em tratamento por sequelas de AVC e, durante a estadia aqui, descobrimos que ela tamb\u00e9m tinha um tumor na bexiga. A princ\u00edpio foi algo bem dif\u00edcil, esse diagn\u00f3stico, porque a doen\u00e7a j\u00e1 se manifestou bem avan\u00e7ada e n\u00f3s optamos em conjunto com a fam\u00edlia por seguir os cuidados com ela aqui na unidade at\u00e9 o fim da sua vida. Oferecer o melhor cuidado e proporcionar o anivers\u00e1rio dela de 70 anos mobilizou e sensibilizou toda a equipe\u201d.<\/p>\n<p>Mesmo com as conquistas, Matheus reconhece que nada seria poss\u00edvel de conseguir sozinho e sem a dedica\u00e7\u00e3o da equipe multiprofissional. \u201cA Medicina tem essa fun\u00e7\u00e3o de fazer o bem conforme o que \u00e9 de valor para aquela pessoa. Cada ser humano tem trajet\u00f3ria, biografia, amores, rotina, hist\u00f3ria\u2026 Esse cuidado \u00e9 feito por toda a equipe multiprofissional, o sofrimento humano \u00e9 multidimensional, ent\u00e3o n\u00e3o \u00e9 adequado cuidar sozinho, posso at\u00e9 dizer que \u00e9 um dos meus maiores aprendizados nessa jornada\u201d, pontua.<\/p>\n<p><img loading=\"lazy\" decoding=\"async\" class=\"aligncenter wp-image-147780\" src=\"https:\/\/www.europesays.com\/pt\/wp-content\/uploads\/2025\/10\/Medico-Matheus-recebe-elogio-da-ouvidoria-da-Casa-de-Cuidados-600x450.jpg\" alt=\"\" width=\"775\" height=\"581\"\/><\/p>\n<p style=\"text-align: center\">Profissional recebe elogio da ouvidoria da Casa de Cuidados do Cear\u00e1<\/p>\n<p>Diante de tantos desafios, ele alerta para a import\u00e2ncia de investir no autocuidado para conseguir cuidar do outro. \u201c\u00c9 necess\u00e1rio o profissional da sa\u00fade desenvolver, durante a rotina, estrat\u00e9gias para que ele consiga ser apoio para o sofrimento do outro, como prezar por uma boa rotina de sono, praticar atividade f\u00edsica, manter alimenta\u00e7\u00e3o saud\u00e1vel e fazer psicoterapia, pois s\u00e3o a\u00e7\u00f5es necess\u00e1rias para o profissional de sa\u00fade lidar melhor com o sofrimento do outro e tamb\u00e9m para aquele familiar que est\u00e1 pr\u00f3ximo do paciente e precisa ser um suporte de prote\u00e7\u00e3o e conforto para quem est\u00e1 sendo cuidado\u201d, finaliza.<\/p>\n<p>Dia do M\u00e9dico<\/p>\n<p>O Dia do M\u00e9dico \u00e9 celebrado anualmente em 18 de outubro.\u00a0A comemora\u00e7\u00e3o \u00e9 uma forma de reconhecer e homenagear o trabalho dos profissionais que dedicam a vida ao bem-estar e \u00e0 sa\u00fade das pessoas, aliando cuidado, valores e prop\u00f3sito.<\/p>\n<p>&#13;<br \/>\n            &#13;<br \/>\n&#13;<br \/>\n&#13;<\/p>\n","protected":false},"excerpt":{"rendered":"&#13; &#13; &#13; &#13; &#13; &#13; &#13; 18 de outubro de 2025 &#8211; 09:17&#13; #cuidado #homenagem #m\u00e9dicos #Prop\u00f3sito&hellip;\n","protected":false},"author":2,"featured_media":115883,"comment_status":"","ping_status":"","sticky":false,"template":"","format":"standard","meta":{"footnotes":""},"categories":[86],"tags":[1222,1218,1221,1220,1217,1224,1223,1225,1219,116,32,33,117],"class_list":{"0":"post-115882","1":"post","2":"type-post","3":"status-publish","4":"format-standard","5":"has-post-thumbnail","7":"category-saude","8":"tag-aplicativo-ceara","9":"tag-aplicativos","10":"tag-atendimento-online","11":"tag-cagece","12":"tag-ceara-app","13":"tag-corona","14":"tag-corona-virus","15":"tag-covid19","16":"tag-detran","17":"tag-health","18":"tag-portugal","19":"tag-pt","20":"tag-saude"},"share_on_mastodon":{"url":"","error":""},"_links":{"self":[{"href":"https:\/\/www.europesays.com\/pt\/wp-json\/wp\/v2\/posts\/115882","targetHints":{"allow":["GET"]}}],"collection":[{"href":"https:\/\/www.europesays.com\/pt\/wp-json\/wp\/v2\/posts"}],"about":[{"href":"https:\/\/www.europesays.com\/pt\/wp-json\/wp\/v2\/types\/post"}],"author":[{"embeddable":true,"href":"https:\/\/www.europesays.com\/pt\/wp-json\/wp\/v2\/users\/2"}],"replies":[{"embeddable":true,"href":"https:\/\/www.europesays.com\/pt\/wp-json\/wp\/v2\/comments?post=115882"}],"version-history":[{"count":0,"href":"https:\/\/www.europesays.com\/pt\/wp-json\/wp\/v2\/posts\/115882\/revisions"}],"wp:featuredmedia":[{"embeddable":true,"href":"https:\/\/www.europesays.com\/pt\/wp-json\/wp\/v2\/media\/115883"}],"wp:attachment":[{"href":"https:\/\/www.europesays.com\/pt\/wp-json\/wp\/v2\/media?parent=115882"}],"wp:term":[{"taxonomy":"category","embeddable":true,"href":"https:\/\/www.europesays.com\/pt\/wp-json\/wp\/v2\/categories?post=115882"},{"taxonomy":"post_tag","embeddable":true,"href":"https:\/\/www.europesays.com\/pt\/wp-json\/wp\/v2\/tags?post=115882"}],"curies":[{"name":"wp","href":"https:\/\/api.w.org\/{rel}","templated":true}]}}