{"id":115886,"date":"2025-10-18T12:43:20","date_gmt":"2025-10-18T12:43:20","guid":{"rendered":"https:\/\/www.europesays.com\/pt\/115886\/"},"modified":"2025-10-18T12:43:20","modified_gmt":"2025-10-18T12:43:20","slug":"tpi-rejeita-recurso-israelita-e-mantem-decisao-sobre-mandado-de-captura-contra-netanyahu","status":"publish","type":"post","link":"https:\/\/www.europesays.com\/pt\/115886\/","title":{"rendered":"TPI rejeita recurso israelita e mant\u00e9m decis\u00e3o sobre mandado de captura contra Netanyahu"},"content":{"rendered":"<p>&#13;<br \/>\nNuma decis\u00e3o que foi capa na imprensa internacional, o TPI considerou, em novembro, que existiam &#8220;motivos razo\u00e1veis&#8221; para acreditar que Netanyahu e Gallant tinham &#8220;responsabilidade penal&#8221; por alegados crimes de guerra e crimes contra a humanidade relacionados com o conflito em Gaza. \u00a0&#13;\n<\/p>\n<p>&#13;<br \/>\nEstes mandados de captura provocaram indigna\u00e7\u00e3o em Israel e nos Estados Unidos, que desde ent\u00e3o impuseram san\u00e7\u00f5es a altos respons\u00e1veis do TPI. \u00a0&#13;\n<\/p>\n<p>&#13;<br \/>\nBenjamin Netanyahu qualificou esta decis\u00e3o como &#8220;antissemita&#8221; e o Presidente americano Joe Biden considerou-a &#8220;escandalosa&#8221;. \u00a0&#13;\n<\/p>\n<p>&#13;<br \/>\nEm maio, Israel tinha solicitado ao TPI que rejeitasse estes mandados, enquanto este analisava outro recurso que visa determinar se \u00e9 competente neste caso. &#13;\n<\/p>\n<p>&#13;<br \/>\nO Tribunal rejeitou este pedido a 16 de julho, considerando que n\u00e3o existia &#8220;nenhuma base jur\u00eddica&#8221; para anular os mandados de deten\u00e7\u00e3o enquanto a quest\u00e3o da compet\u00eancia n\u00e3o tivesse sido resolvida. &#13;\n<\/p>\n<p>&#13;<br \/>\nUma semana depois, Israel pediu autoriza\u00e7\u00e3o para recorrer desta decis\u00e3o, mas os ju\u00edzes decidiram hoje que &#8220;a quest\u00e3o, tal como formulada por Israel, n\u00e3o \u00e9 suscet\u00edvel de recurso&#8221;. &#13;\n<\/p>\n<p>&#13;<br \/>\n&#8220;A C\u00e2mara rejeita, portanto, o pedido&#8221;, declarou o CPI numa decis\u00e3o complexa de treze p\u00e1ginas.&#13;<\/p>\n","protected":false},"excerpt":{"rendered":"&#13; Numa decis\u00e3o que foi capa na imprensa internacional, o TPI considerou, em novembro, que existiam &#8220;motivos razo\u00e1veis&#8221;&hellip;\n","protected":false},"author":2,"featured_media":115887,"comment_status":"","ping_status":"","sticky":false,"template":"","format":"standard","meta":{"footnotes":""},"categories":[50],"tags":[27,28,26215,15,16,14,25,26,21,22,62,27175,12,13,19,20,23,24,17,18,11716,29,30,31,63,64,65],"class_list":{"0":"post-115886","1":"post","2":"type-post","3":"status-publish","4":"format-standard","5":"has-post-thumbnail","7":"category-mundo","8":"tag-breaking-news","9":"tag-breakingnews","10":"tag-caa","11":"tag-featured-news","12":"tag-featurednews","13":"tag-headlines","14":"tag-latest-news","15":"tag-latestnews","16":"tag-main-news","17":"tag-mainnews","18":"tag-mundo","19":"tag-netanyahu-gallant","20":"tag-news","21":"tag-noticias","22":"tag-noticias-principais","23":"tag-noticiasprincipais","24":"tag-principais-noticias","25":"tag-principaisnoticias","26":"tag-top-stories","27":"tag-topstories","28":"tag-tpi","29":"tag-ultimas","30":"tag-ultimas-noticias","31":"tag-ultimasnoticias","32":"tag-world","33":"tag-world-news","34":"tag-worldnews"},"share_on_mastodon":{"url":"","error":""},"_links":{"self":[{"href":"https:\/\/www.europesays.com\/pt\/wp-json\/wp\/v2\/posts\/115886","targetHints":{"allow":["GET"]}}],"collection":[{"href":"https:\/\/www.europesays.com\/pt\/wp-json\/wp\/v2\/posts"}],"about":[{"href":"https:\/\/www.europesays.com\/pt\/wp-json\/wp\/v2\/types\/post"}],"author":[{"embeddable":true,"href":"https:\/\/www.europesays.com\/pt\/wp-json\/wp\/v2\/users\/2"}],"replies":[{"embeddable":true,"href":"https:\/\/www.europesays.com\/pt\/wp-json\/wp\/v2\/comments?post=115886"}],"version-history":[{"count":0,"href":"https:\/\/www.europesays.com\/pt\/wp-json\/wp\/v2\/posts\/115886\/revisions"}],"wp:featuredmedia":[{"embeddable":true,"href":"https:\/\/www.europesays.com\/pt\/wp-json\/wp\/v2\/media\/115887"}],"wp:attachment":[{"href":"https:\/\/www.europesays.com\/pt\/wp-json\/wp\/v2\/media?parent=115886"}],"wp:term":[{"taxonomy":"category","embeddable":true,"href":"https:\/\/www.europesays.com\/pt\/wp-json\/wp\/v2\/categories?post=115886"},{"taxonomy":"post_tag","embeddable":true,"href":"https:\/\/www.europesays.com\/pt\/wp-json\/wp\/v2\/tags?post=115886"}],"curies":[{"name":"wp","href":"https:\/\/api.w.org\/{rel}","templated":true}]}}