{"id":11589,"date":"2025-08-01T13:43:08","date_gmt":"2025-08-01T13:43:08","guid":{"rendered":"https:\/\/www.europesays.com\/pt\/11589\/"},"modified":"2025-08-01T13:43:08","modified_gmt":"2025-08-01T13:43:08","slug":"ex-presidente-da-coreia-do-sul-despe-se-e-deita-se-no-chao-para-nao-ser-interrogado-coreia-do-sul","status":"publish","type":"post","link":"https:\/\/www.europesays.com\/pt\/11589\/","title":{"rendered":"Ex-Presidente da Coreia do Sul despe-se e deita-se no ch\u00e3o para n\u00e3o ser interrogado | Coreia do Sul"},"content":{"rendered":"<p><a href=\"https:\/\/www.publico.pt\/2025\/04\/04\/mundo\/noticia\/tribunal-constitucional-coreia-sul-destitui-presidente-yoon-sukyeol-2128524\" target=\"_blank\" rel=\"nofollow noopener\">Destitu\u00eddo <\/a>da presid\u00eancia da Coreia do Sul em Abril, por ter declarado a <a href=\"https:\/\/www.publico.pt\/2024\/12\/03\/mundo\/noticia\/presidente-coreia-sul-acusa-oposicao-actividades-antiestatais-declara-lei-marcial-2114287\" target=\"_blank\" rel=\"nofollow noopener\">lei marcial<\/a> no final do ano passado, e acusado de insurrei\u00e7\u00e3o e <a href=\"https:\/\/www.publico.pt\/2025\/07\/19\/mundo\/noticia\/expresidente-sulcoreano-acusado-abuso-2140995\" target=\"_blank\" rel=\"nofollow noopener\">abuso de poder<\/a>, Yoon Suk-yeol recorreu esta sexta-feira a um m\u00e9todo inusitado para evitar ser levado para interrogat\u00f3rio por uma equipa de procuradores especiais que tamb\u00e9m o est\u00e1 a investigar por crimes eleitorais.<\/p>\n<p>Segundo os procuradores, o pol\u00edtico populista deitou-se no ch\u00e3o da cela, no Centro de Deten\u00e7\u00e3o de Seul, em Uiwang, <a href=\"https:\/\/www.publico.pt\/2025\/07\/09\/mundo\/noticia\/tribunal-sulcoreano-aprova-detencao-expresidente-yoon-sukyeol-2139668\" target=\"_blank\" rel=\"nofollow noopener\">onde se encontra detido<\/a> em solit\u00e1ria, desde o m\u00eas passado, vestindo apenas roupa interior \u2013 camisola interior e cuecas.<\/p>\n<p>Durante cerca de duas horas, os funcion\u00e1rios judiciais tentaram cumprir um mandado de deten\u00e7\u00e3o emitido na v\u00e9spera por um tribunal de Seul, para levar Yoon. A resist\u00eancia do ex-Presidente, somada \u00e0 op\u00e7\u00e3o dos procuradores de n\u00e3o recorrerem ao uso da for\u00e7a para evitar um acidente, levou \u00e0 suspens\u00e3o da tentativa de deten\u00e7\u00e3o e ao seu adiamento, para a pr\u00f3xima semana.<\/p>\n<p>        &#13;<\/p>\n<p>&#13;<br \/>\n                &#13;\n            <\/p>\n<p>&#13;<\/p>\n<p>\u201cA equipa especial de advogados aconselhou [Yoon] a cumprir voluntariamente a execu\u00e7\u00e3o do mandado de deten\u00e7\u00e3o, considerando que \u00e9 um antigo Presidente, mas o suspeito recusou, categoricamente, deitado no ch\u00e3o, sem usar o uniforme prisional\u201d, explicou aos jornalistas Oh Jeong-hee, membro da equipa, contando que foram feitas quatro tentativas, em intervalos de 20 a 30 minutos.<\/p>\n<p>\u201cNesse processo, a equipa notificou o suspeito de que na pr\u00f3xima vez completar\u00e1 a execu\u00e7\u00e3o do mandado de deten\u00e7\u00e3o na pr\u00f3xima vez, recorrendo, inclusivamente, \u00e0 for\u00e7a f\u00edsica\u201d, acrescentou, citada pela ag\u00eancia noticiosa sul-coreana Yonhap.<\/p>\n<p>Motivos de sa\u00fade<\/p>\n<p>Esta n\u00e3o \u00e9 a primeira vez que Yoon \u2013 um antigo procurador-geral, que foi <a href=\"https:\/\/www.publico.pt\/2022\/03\/09\/mundo\/noticia\/conservador-yoon-seokyeol-eleito-presidente-coreia-sul-1998239\" target=\"_blank\" rel=\"nofollow noopener\">eleito Presidente da Coreia do Sul em 2022<\/a>, com o apoio do Partido do Poder Popular (PPP, conservador), promovendo um discurso populista e anti-corrup\u00e7\u00e3o \u2013 resiste a tentativas de deten\u00e7\u00e3o ou convocat\u00f3rias para interrogat\u00f3rio. Em Janeiro, soldados do Ex\u00e9rcito e seguran\u00e7as da guarda presidencial <a href=\"https:\/\/www.publico.pt\/2025\/01\/03\/mundo\/noticia\/guarda-presidencial-tropas-militares-impedem-presidente-deposto-coreia-sul-detido-2117487\" target=\"_blank\" rel=\"nofollow noopener\">montaram uma aut\u00eantica barricada<\/a> em redor da sua casa para evitar o cumprimento de outro mandado de captura.<\/p>\n<p>Neste caso concreto, os advogados do ex-Presidente justificam a sua indisponibilidade para prestar depoimentos sobre a acusa\u00e7\u00e3o de interfer\u00eancia eleitoral, com quest\u00f5es de sa\u00fade, e dizem ter apresentado relat\u00f3rios m\u00e9dicos que explicam como Yoon, de 64 anos, corre o risco de perder a vis\u00e3o de um olho e como tem tido dificuldades em regular a temperatura do seu corpo.<\/p>\n<p>        &#13;<\/p>\n<p>&#13;<br \/>\n                &#13;\n            <\/p>\n<p>&#13;<\/p>\n<p>Em declara\u00e7\u00f5es \u00e0 Reuters, Yu Jeong-hwa, um dos seus advogados criticou os procuradores, dizendo que a refer\u00eancia que fizeram ao que Yoon tinha vestido, nesta sexta-feira, era um \u201cinsulto \u00e0 dignidade\u201d do ex-chefe de Estado e uma \u201cviola\u00e7\u00e3o dos direitos humanos\u201d dos reclusos daquele centro de deten\u00e7\u00e3o, que, acusam, enfrentam temperaturas pr\u00f3ximas dos 40 graus Celsius nas suas celas.<\/p>\n<p>\u201cO suspeito j\u00e1 enfatizou, no passado, a justi\u00e7a, o bom senso e o princ\u00edpio da lei. Por causa deste incidente, a na\u00e7\u00e3o est\u00e1 a ver se a lei se aplica ou n\u00e3o de forma igual a todas as pessoas\u201d, afirmou, no entanto, Oh.<\/p>\n<p>Interfer\u00eancia eleitoral<\/p>\n<p>Substitu\u00eddo na presid\u00eancia por <a href=\"https:\/\/www.publico.pt\/2025\/06\/03\/mundo\/noticia\/candidato-liberal-proximo-presidencia-coreia-sul-2135364\" target=\"_blank\" rel=\"nofollow noopener\">Lee Jae-myung, do Partido Democr\u00e1tico<\/a> (PD, liberal), eleito em Junho, Yoon foi <a href=\"https:\/\/www.publico.pt\/2025\/02\/20\/mundo\/noticia\/arranca-julgamento-presidente-coreia-sul-insurreicao-2123202\" target=\"_blank\" rel=\"nofollow noopener\">acusado de insurrei\u00e7\u00e3o<\/a> e destitu\u00eddo meses depois pelo Tribunal Constitucional por ter <a href=\"https:\/\/www.publico.pt\/2024\/12\/03\/mundo\/noticia\/presidente-coreia-sul-acusa-oposicao-actividades-antiestatais-declara-lei-marcial-2114287\" target=\"_blank\" rel=\"nofollow noopener\">declarado a lei marcial durante seis horas<\/a> na noite do dia 3 de Dezembro de 2024, sem cumprir os requisitos previstos pela Constitui\u00e7\u00e3o para entregar o poder aos militares e pedir-lhes que cercassem o Parlamento, e justificando a medida de emerg\u00eancia com <a href=\"https:\/\/www.publico.pt\/2025\/01\/21\/mundo\/noticia\/presidente-suspenso-coreia-sul-defendese-lei-marcial-nao-executada-2119579\" target=\"_blank\" rel=\"nofollow noopener\">objectivos pol\u00edtico-partid\u00e1rios<\/a>.<\/p>\n<p>Se for considerado culpado, pode vir a ser condenado a pris\u00e3o perp\u00e9tua, ou, num caso mais extremo, \u00e0 pena de morte.<\/p>\n<p>        &#13;<\/p>\n<p>&#13;<br \/>\n                &#13;\n            <\/p>\n<p>&#13;<\/p>\n<p>O mandado de deten\u00e7\u00e3o que a equipa de investiga\u00e7\u00e3o, liderada pelo procurador especial Min Joong-ki, tentou executar esta sexta-feira est\u00e1, no entanto, relacionado com uma suspeita, que tamb\u00e9m envolve a sua mulher, Kim Keon Hee, de viola\u00e7\u00e3o da lei eleitoral, durante a <a href=\"https:\/\/www.publico.pt\/2022\/03\/08\/mundo\/noticia\/coreia-sul-escolhe-novo-presidente-apos-campanhas-sujas-1998081\" target=\"_blank\" rel=\"nofollow noopener\">campanha para as presidenciais de 2022<\/a>.<\/p>\n<p>Segundo a acusa\u00e7\u00e3o, Yoon e Kim ter\u00e3o tido diversas sondagens favor\u00e1veis, da responsabilidade do empres\u00e1rio Myung Tae-kyun, oferecendo, em troca, a garantia de que um antigo deputado do PPP, Kim Young-sun, seria o nomeado do partido conservador para uma elei\u00e7\u00e3o intercalar prevista para Junho desse ano.<\/p>\n<p>Nas elei\u00e7\u00f5es presidenciais de Mar\u00e7o de 2022, que se realizaram depois de uma das campanhas mais agressivas das \u00faltimas d\u00e9cadas no pa\u00eds asi\u00e1tico, Yoon Suk-yeol derrotou o actual Presidente, Lee Jae-myung, por apenas 0,73% dos votos, tendo sido a diferen\u00e7a mais curta da hist\u00f3ria democr\u00e1tica da Coreia do Sul.<\/p>\n","protected":false},"excerpt":{"rendered":"Destitu\u00eddo da presid\u00eancia da Coreia do Sul em Abril, por ter declarado a lei marcial no final do&hellip;\n","protected":false},"author":2,"featured_media":11590,"comment_status":"","ping_status":"","sticky":false,"template":"","format":"standard","meta":{"footnotes":""},"categories":[50],"tags":[367,27,28,3092,15,16,14,603,25,26,21,22,62,12,13,19,20,23,24,4893,17,18,29,30,31,63,64,65],"class_list":{"0":"post-11589","1":"post","2":"type-post","3":"status-publish","4":"format-standard","5":"has-post-thumbnail","7":"category-mundo","8":"tag-asia","9":"tag-breaking-news","10":"tag-breakingnews","11":"tag-coreia-do-sul","12":"tag-featured-news","13":"tag-featurednews","14":"tag-headlines","15":"tag-justica","16":"tag-latest-news","17":"tag-latestnews","18":"tag-main-news","19":"tag-mainnews","20":"tag-mundo","21":"tag-news","22":"tag-noticias","23":"tag-noticias-principais","24":"tag-noticiasprincipais","25":"tag-principais-noticias","26":"tag-principaisnoticias","27":"tag-prisoes","28":"tag-top-stories","29":"tag-topstories","30":"tag-ultimas","31":"tag-ultimas-noticias","32":"tag-ultimasnoticias","33":"tag-world","34":"tag-world-news","35":"tag-worldnews"},"share_on_mastodon":{"url":"","error":""},"_links":{"self":[{"href":"https:\/\/www.europesays.com\/pt\/wp-json\/wp\/v2\/posts\/11589","targetHints":{"allow":["GET"]}}],"collection":[{"href":"https:\/\/www.europesays.com\/pt\/wp-json\/wp\/v2\/posts"}],"about":[{"href":"https:\/\/www.europesays.com\/pt\/wp-json\/wp\/v2\/types\/post"}],"author":[{"embeddable":true,"href":"https:\/\/www.europesays.com\/pt\/wp-json\/wp\/v2\/users\/2"}],"replies":[{"embeddable":true,"href":"https:\/\/www.europesays.com\/pt\/wp-json\/wp\/v2\/comments?post=11589"}],"version-history":[{"count":0,"href":"https:\/\/www.europesays.com\/pt\/wp-json\/wp\/v2\/posts\/11589\/revisions"}],"wp:featuredmedia":[{"embeddable":true,"href":"https:\/\/www.europesays.com\/pt\/wp-json\/wp\/v2\/media\/11590"}],"wp:attachment":[{"href":"https:\/\/www.europesays.com\/pt\/wp-json\/wp\/v2\/media?parent=11589"}],"wp:term":[{"taxonomy":"category","embeddable":true,"href":"https:\/\/www.europesays.com\/pt\/wp-json\/wp\/v2\/categories?post=11589"},{"taxonomy":"post_tag","embeddable":true,"href":"https:\/\/www.europesays.com\/pt\/wp-json\/wp\/v2\/tags?post=11589"}],"curies":[{"name":"wp","href":"https:\/\/api.w.org\/{rel}","templated":true}]}}