{"id":115890,"date":"2025-10-18T12:45:35","date_gmt":"2025-10-18T12:45:35","guid":{"rendered":"https:\/\/www.europesays.com\/pt\/115890\/"},"modified":"2025-10-18T12:45:35","modified_gmt":"2025-10-18T12:45:35","slug":"passos-avisa-que-mais-imigracao-fara-portugueses-sentirem-se-estrangeiros-2","status":"publish","type":"post","link":"https:\/\/www.europesays.com\/pt\/115890\/","title":{"rendered":"Passos avisa que mais imigra\u00e7\u00e3o far\u00e1 portugueses sentirem-se estrangeiros"},"content":{"rendered":"<p>&#13;<br \/>\nIdeia deixada pelo ex-l\u00edder do PSD, \u00e0 boleia dos dados divulgados esta quinta-feira pela AIMA, e que apontam que o n\u00famero de cidad\u00e3os estrangeiros a residir, em Portugal, quadruplicou em sete anos. Passos Coelho falou de um problema que se materializou.&#13;\n<\/p>\n<p>&#13;<br \/>\n&#8220;E, se tudo se mantiver como est\u00e1 com o reagrupamento familiar e por a\u00ed fora, bem, qualquer dia tamb\u00e9m acontecer\u00e1 c\u00e1 aquilo que acontece noutras sociedades em que as pessoas, os nacionais, as pessoas que fazem parte daquela sociedade, se sentem estrangeiras na sua pr\u00f3pria terra&#8221;, adverte Passos Coelho.<br \/>&#13;\n<\/p>\n<p>          <img decoding=\"async\" itemprop=\"image\" class=\"img-fluid\"   src=\"https:\/\/www.europesays.com\/pt\/wp-content\/uploads\/2025\/10\/1760791534_422_bg_playeraudio_5.jpg\"\/><\/p>\n<p>&#13;<br \/>\nO ex-primeiro-ministro a recordar o discurso que fez no Algarve durante a campanha para as legislativas de 2024. Lembrou tamb\u00e9m que, nessa altura, j\u00e1 tinha deixado avisos sobre a necessidade de ultrapassar o bloqueio socialista. Passos Coelho acusou Ant\u00f3nio Costa e o Governo PS de ter estado 8 anos a enganar as pessoas e considerou que o pa\u00eds est\u00e1 agora a pagar o pre\u00e7o dessa mentira.&#13;\n<\/p>\n<p>&#13;<br \/>\n&#8220;Oito anos a empurrar com a barriga sem fazer nada, oito anos sem fazer uma reforma digna de jeito. Oito anos com uma conversa fiada&#8221;, afirmou Passos Coelho, criticando o apoio do Bloco de Esquerda e do PCP neste processo.&#13;\n<\/p>\n<p>          <img decoding=\"async\" itemprop=\"image\" class=\"img-fluid\"   src=\"https:\/\/www.europesays.com\/pt\/wp-content\/uploads\/2025\/10\/1760791535_113_bg_playeraudio_1.jpg\"\/><\/p>\n<p>\nDeclara\u00e7\u00f5es do antigo primeiro-ministro durante a apresenta\u00e7\u00e3o do livro Introdu\u00e7\u00e3o ao Liberalismo do social-democrata Miguel Morgado, em Lisboa.<\/p>\n","protected":false},"excerpt":{"rendered":"&#13; Ideia deixada pelo ex-l\u00edder do PSD, \u00e0 boleia dos dados divulgados esta quinta-feira pela AIMA, e que&hellip;\n","protected":false},"author":2,"featured_media":113789,"comment_status":"","ping_status":"","sticky":false,"template":"","format":"standard","meta":{"footnotes":""},"categories":[8],"tags":[27,28,15,16,14,25,26,21,22,12,13,19,20,32,23,24,33,420,421,17,18,29,30,31],"class_list":{"0":"post-115890","1":"post","2":"type-post","3":"status-publish","4":"format-standard","5":"has-post-thumbnail","7":"category-principais-noticias","8":"tag-breaking-news","9":"tag-breakingnews","10":"tag-featured-news","11":"tag-featurednews","12":"tag-headlines","13":"tag-latest-news","14":"tag-latestnews","15":"tag-main-news","16":"tag-mainnews","17":"tag-news","18":"tag-noticias","19":"tag-noticias-principais","20":"tag-noticiasprincipais","21":"tag-portugal","22":"tag-principais-noticias","23":"tag-principaisnoticias","24":"tag-pt","25":"tag-rtp","26":"tag-rtp-noticias","27":"tag-top-stories","28":"tag-topstories","29":"tag-ultimas","30":"tag-ultimas-noticias","31":"tag-ultimasnoticias"},"share_on_mastodon":{"url":"","error":""},"_links":{"self":[{"href":"https:\/\/www.europesays.com\/pt\/wp-json\/wp\/v2\/posts\/115890","targetHints":{"allow":["GET"]}}],"collection":[{"href":"https:\/\/www.europesays.com\/pt\/wp-json\/wp\/v2\/posts"}],"about":[{"href":"https:\/\/www.europesays.com\/pt\/wp-json\/wp\/v2\/types\/post"}],"author":[{"embeddable":true,"href":"https:\/\/www.europesays.com\/pt\/wp-json\/wp\/v2\/users\/2"}],"replies":[{"embeddable":true,"href":"https:\/\/www.europesays.com\/pt\/wp-json\/wp\/v2\/comments?post=115890"}],"version-history":[{"count":0,"href":"https:\/\/www.europesays.com\/pt\/wp-json\/wp\/v2\/posts\/115890\/revisions"}],"wp:featuredmedia":[{"embeddable":true,"href":"https:\/\/www.europesays.com\/pt\/wp-json\/wp\/v2\/media\/113789"}],"wp:attachment":[{"href":"https:\/\/www.europesays.com\/pt\/wp-json\/wp\/v2\/media?parent=115890"}],"wp:term":[{"taxonomy":"category","embeddable":true,"href":"https:\/\/www.europesays.com\/pt\/wp-json\/wp\/v2\/categories?post=115890"},{"taxonomy":"post_tag","embeddable":true,"href":"https:\/\/www.europesays.com\/pt\/wp-json\/wp\/v2\/tags?post=115890"}],"curies":[{"name":"wp","href":"https:\/\/api.w.org\/{rel}","templated":true}]}}