{"id":115902,"date":"2025-10-18T12:54:08","date_gmt":"2025-10-18T12:54:08","guid":{"rendered":"https:\/\/www.europesays.com\/pt\/115902\/"},"modified":"2025-10-18T12:54:08","modified_gmt":"2025-10-18T12:54:08","slug":"a-demencia-por-corpos-de-lewy","status":"publish","type":"post","link":"https:\/\/www.europesays.com\/pt\/115902\/","title":{"rendered":"a dem\u00eancia por corpos de Lewy"},"content":{"rendered":"<p style=\"text-align: justify; \">Nesta semana, o Vida Saud\u00e1vel\u00a0fala sobre a dem\u00eancia por corpos de Lewy, uma condi\u00e7\u00e3o neurol\u00f3gica que ainda \u00e9 pouco conhecida, mas que merece aten\u00e7\u00e3o. Essa doen\u00e7a est\u00e1 entre as causas mais comuns de dem\u00eancia, ao lado do Alzheimer e do Parkinson, e provoca altera\u00e7\u00f5es tanto na mem\u00f3ria quanto no comportamento e nos movimentos.<\/p>\n<p style=\"text-align: justify; \">Na s\u00e9rie de entrevistas com o neurologista Dr. Daniel Yankelevich, do Dr. Consulta,\u00a0vamos entender como a doen\u00e7a interfere nas fun\u00e7\u00f5es cognitivas e motoras, impactando a mem\u00f3ria, a fala, a aten\u00e7\u00e3o e at\u00e9 os movimentos. Al\u00e9m de conhecer os sintomas, os sinais merecem aten\u00e7\u00e3o, os tratamentos para evolu\u00e7\u00e3o do quadro e a import\u00e2ncia do apoio emocional e acompanhamento psicol\u00f3gico nesse processo.<\/p>\n","protected":false},"excerpt":{"rendered":"Nesta semana, o Vida Saud\u00e1vel\u00a0fala sobre a dem\u00eancia por corpos de Lewy, uma condi\u00e7\u00e3o neurol\u00f3gica que ainda \u00e9&hellip;\n","protected":false},"author":2,"featured_media":115903,"comment_status":"","ping_status":"","sticky":false,"template":"","format":"standard","meta":{"footnotes":""},"categories":[86],"tags":[314,27176,2041,4289,116,27178,1492,27177,32,33,117,2640],"class_list":{"0":"post-115902","1":"post","2":"type-post","3":"status-publish","4":"format-standard","5":"has-post-thumbnail","7":"category-saude","8":"tag-alzheimer","9":"tag-conheca-a-doenca-de-lewy","10":"tag-demencia","11":"tag-doenca-cerebral","12":"tag-health","13":"tag-neurologista-dr-daniel-yankelevich","14":"tag-parkinson","15":"tag-perda-progressiva-da-funcao-mental","16":"tag-portugal","17":"tag-pt","18":"tag-saude","19":"tag-vida-saudavel"},"share_on_mastodon":{"url":"","error":""},"_links":{"self":[{"href":"https:\/\/www.europesays.com\/pt\/wp-json\/wp\/v2\/posts\/115902","targetHints":{"allow":["GET"]}}],"collection":[{"href":"https:\/\/www.europesays.com\/pt\/wp-json\/wp\/v2\/posts"}],"about":[{"href":"https:\/\/www.europesays.com\/pt\/wp-json\/wp\/v2\/types\/post"}],"author":[{"embeddable":true,"href":"https:\/\/www.europesays.com\/pt\/wp-json\/wp\/v2\/users\/2"}],"replies":[{"embeddable":true,"href":"https:\/\/www.europesays.com\/pt\/wp-json\/wp\/v2\/comments?post=115902"}],"version-history":[{"count":0,"href":"https:\/\/www.europesays.com\/pt\/wp-json\/wp\/v2\/posts\/115902\/revisions"}],"wp:featuredmedia":[{"embeddable":true,"href":"https:\/\/www.europesays.com\/pt\/wp-json\/wp\/v2\/media\/115903"}],"wp:attachment":[{"href":"https:\/\/www.europesays.com\/pt\/wp-json\/wp\/v2\/media?parent=115902"}],"wp:term":[{"taxonomy":"category","embeddable":true,"href":"https:\/\/www.europesays.com\/pt\/wp-json\/wp\/v2\/categories?post=115902"},{"taxonomy":"post_tag","embeddable":true,"href":"https:\/\/www.europesays.com\/pt\/wp-json\/wp\/v2\/tags?post=115902"}],"curies":[{"name":"wp","href":"https:\/\/api.w.org\/{rel}","templated":true}]}}