{"id":115910,"date":"2025-10-18T13:08:17","date_gmt":"2025-10-18T13:08:17","guid":{"rendered":"https:\/\/www.europesays.com\/pt\/115910\/"},"modified":"2025-10-18T13:08:17","modified_gmt":"2025-10-18T13:08:17","slug":"todas-as-vezes-em-que-vale-tudo-indicou-bons-livros","status":"publish","type":"post","link":"https:\/\/www.europesays.com\/pt\/115910\/","title":{"rendered":"Todas as vezes em que \u2018Vale Tudo\u2019 indicou bons livros"},"content":{"rendered":"<p>Na busca por ser uma trama atualizada e que tivesse credibilidade no ano de 2025, a <strong>Vale Tudo<\/strong> de Manuela Dias teve que se renovar por inteiro \u2014 e o fez incluindo merchandising excessivo em seu roteiro, criando um ambiente em que a influ\u00eancia nas redes sociais \u00e9 sin\u00f4nimo de sucesso e colocando na boca de suas personagens <a href=\"https:\/\/veja.abril.com.br\/cultura\/os-cinco-momentos-que-mais-causaram-vergonha-alheia-em-vale-tudo\/\" target=\"_blank\" rel=\"noopener nofollow\">frases t\u00edpicas da internet<\/a> da d\u00e9cada de 2020. Al\u00e9m desses, h\u00e1 um outro aspecto pouco falado: as refer\u00eancias liter\u00e1rias da novela.<\/p>\n<p>Em diversos momentos, personagens eram vistos lendo livros contempor\u00e2neos e cl\u00e1ssicos, mostrando que estavam atentos \u00e0s novidades e tend\u00eancias do mundo editorial, mas tamb\u00e9m aos seus c\u00e2nones. Ainda que discretas, as boas indica\u00e7\u00f5es liter\u00e1rias do folhetim foram acertos em cheio: O perigo de estar l\u00facida, da espanhola Rosa Montero, foi lido por Odete Roitman (Debora Bloch) em um cap\u00edtulo e alcan\u00e7ou na mesma semana o top 1 dos livros de literatura europeia mais vendidos da Amazon, registrando um aumento de 60% em suas vendas de acordo com dados divulgados pela CNN. Confira a seguir outros 5 bons livros que Vale Tudo trouxe para seus cap\u00edtulos:<\/p>\n<p>    <img loading=\"lazy\" decoding=\"async\" class=\"wp-image-1893678 size-medium\" src=\"https:\/\/www.europesays.com\/pt\/wp-content\/uploads\/2025\/10\/amiga_genial_capa2-1.jpg\" border=\"0\" alt=\"Capa de 'A amiga genial' de Elena Ferrante\" title=\"a_amiga_genial__-_ferrante_2015_ok\" width=\"179\" height=\"300\" data-restrict=\"false\" data-portal-copyright=\"Reprodu\u00e7\u00e3o\" data-image-caption=\"Capa do livro 'A Amiga Genial', que abre a 'S\u00e9rie Napolitana'\" data-image-title=\"\" data-image-source=\"Divulga\u00e7\u00e3o\"\/><br \/>\n     Capa de \u2018A amiga genial\u2019 de Elena Ferrante (Biblioteca Azul\/Reprodu\u00e7\u00e3o)<\/p>\n<p>A Amiga Genial, de Elena Ferrante<\/p>\n<p>Lido por Tia Celina (Malu Galli), A Amiga Genial \u00e9 o in\u00edcio de uma tetralogia que explora a constru\u00e7\u00e3o do feminino em uma It\u00e1lia devastada pela guerra. No primeiro livro, que vai da inf\u00e2ncia aos 16 anos, as amigas Lila e Len\u00f9 s\u00e3o crian\u00e7as que vivem com suas fam\u00edlias disfuncionais em um bairro pobre e industrial em N\u00e1poles. Seus dias s\u00e3o marcados por conflitos de classe e submiss\u00e3o, que aos poucos estabelecem dist\u00e2ncias fundamentais entre as duas conforme crescem e vivem a juventude, os primeiros amores e o sonho de um futuro melhor.<\/p>\n<p>    <img loading=\"lazy\" decoding=\"async\" class=\"wp-image-4417651 size-medium\" src=\"https:\/\/www.europesays.com\/pt\/wp-content\/uploads\/2025\/10\/As-Intermitencias-da-Morte.jpg\" border=\"0\" alt=\"'As Intermit\u00eancias da Morte', de Jos\u00e9 Saramago\" title=\"As Intermit\u00eancias da Morte\" width=\"195\" height=\"300\" data-restrict=\"false\" data-portal-copyright=\"Companhia das Letras\" data-image-caption=\"'As Intermit\u00eancias da Morte', de Jos\u00e9 Saramago\" data-image-title=\"\" data-image-source=\"Reprodu\u00e7\u00e3o\"\/><br \/>\n     \u2018As Intermit\u00eancias da Morte\u2019, de Jos\u00e9 Saramago (Companhia das Letras\/Reprodu\u00e7\u00e3o)<\/p>\n<p>As intermit\u00eancias da Morte, de Jos\u00e9 Saramago<\/p>\n<p>Como seria o mundo se as pessoas simplesmente parassem de morrer? \u00c9 essa a ideia que percorre este romance do vencedor do Nobel de Literatura, Jos\u00e9 Saramago. Ap\u00f3s eras sendo odiada e temida pela humanidade, a morte resolve parar de trabalhar e as pessoas param de morrer. O que parecia uma \u00f3tima ideia come\u00e7a a se mostrar um problema social e econ\u00f4mico \u2014 abordados com o humor e sagacidade t\u00edpicos de Saramago. Mais um ponto para Tia Celina.<\/p>\n<p>    Continua ap\u00f3s a publicidade<\/p>\n<p>\u00a0<\/p>\n<p>    <img loading=\"lazy\" decoding=\"async\" class=\"wp-image-3879122 size-medium\" src=\"https:\/\/www.europesays.com\/pt\/wp-content\/uploads\/2025\/10\/O-Impulso.jpg\" border=\"0\" alt=\"'O Impulso', de Ashley Audrain\" title=\"O Impulso\" width=\"200\" height=\"300\" data-restrict=\"false\" data-portal-copyright=\"Editora Paralela\" data-image-caption=\"'O Impulso', de Ashley Audrain\" data-image-title=\"\" data-image-source=\"Reprodu\u00e7\u00e3o\"\/><br \/>\n     \u2018O Impulso\u2019, de Ashley Audrain (Editora Paralela\/Reprodu\u00e7\u00e3o)<\/p>\n<p>O Impulso, de Ashley Audrain<\/p>\n<p>Este romance de estreia da autora canadense acompanha a hist\u00f3ria de Blythe Connor e sua primeira experi\u00eancia na maternidade. Quando sua primeira filha nasce, nada se sai como Blythe havia imaginado e a crian\u00e7a parece n\u00e3o se comportar da maneira esperada. Al\u00e9m disso, o marido Fox ignora suas queixas e as atribui ao cansa\u00e7o da gravidez e do cuidado com a crian\u00e7a. Quando o segundo filho nasce, tudo parece finalmente come\u00e7ar a dar certo, mas um acidente tr\u00e1gico vai abalar mais uma vez as estruturas da jovem m\u00e3e. Lido por Odete Roitman, o livro parece ter tudo a ver com a matriarca dos Roitman, que j\u00e1 afirmou em mais de uma ocasi\u00e3o que n\u00e3o tinha nascido para ser m\u00e3e \u2014 e que vive rela\u00e7\u00f5es conflituosas com seus pr\u00f3prios rebentos na trama.\u00a0<\/p>\n<p>    <img loading=\"lazy\" decoding=\"async\" class=\"wp-image-5936696 size-medium\" src=\"https:\/\/www.europesays.com\/pt\/wp-content\/uploads\/2025\/10\/51aB3ZUjzL._UF10001000_QL80_.jpg\" border=\"0\" alt=\"'Gente independente', de Halld\u00f3r Laxness\" title=\"Gente independente\" width=\"198\" height=\"300\" data-restrict=\"false\" data-portal-copyright=\"Editora Globo\" data-image-caption=\"'Gente independente', de Halld\u00f3r Laxness\" data-image-title=\"\" data-image-source=\"Reprodu\u00e7\u00e3o\"\/><br \/>\n     \u2018Gente independente\u2019, de Halld\u00f3r Laxness (Editora Globo\/Reprodu\u00e7\u00e3o)<\/p>\n<p>Gente independente, de\u00a0Halld\u00f3r Laxness<\/p>\n<p>Misturando a narrativa da ascens\u00e3o social ao sobrenatural, o livro vencedor Nobel de Literatura de 1955 conta a hist\u00f3ria de Gudhbjartur Jonsson a partir do momento em que consegue se ver livre do trabalho servil como campon\u00eas e compra seu pr\u00f3prio terreno em uma regi\u00e3o conhecida por ser assombrada por fantasmas e outros seres assustadores. R\u00f3sa, a esposa de Jonsson, teme o lugar, mas o homem ignora o temor e foca em construir sua nova vida. N\u00e3o vai demorar muito para que essa rigidez se torne um conflito em sua vida. A leitura deste foi do herdeiro Afonso Roitman (Humberto Carr\u00e3o).\u00a0<\/p>\n<p>    Continua ap\u00f3s a publicidade<\/p>\n<p>    <img loading=\"lazy\" decoding=\"async\" class=\"wp-image-5811822 size-medium\" src=\"https:\/\/www.europesays.com\/pt\/wp-content\/uploads\/2025\/10\/Trincheira-Tropical.jpg\" border=\"0\" alt=\"'Trincheira Tropical', de Ruy Castro\" title=\"Trincheira Tropical\" width=\"209\" height=\"300\" data-restrict=\"false\" data-portal-copyright=\"Companhia das Letras\" data-image-caption=\"'Trincheira Tropical', de Ruy Castro\" data-image-title=\"\" data-image-source=\"Reprodu\u00e7\u00e3o\"\/><br \/>\n     \u2018Trincheira Tropical\u2019, de Ruy Castro (Companhia das Letras\/Reprodu\u00e7\u00e3o)<\/p>\n<p>Trincheira Tropical, Ruy Castro<\/p>\n<p>Mesmo sem ter participado da Segunda Guerra Mundial diretamente, o Brasil sentiu os efeitos da guerra \u2014 brilhantemente narrados neste recente livro de Ruy Castro, introduzido na novela por Marco Aur\u00e9lio (Alexandre Nero). De 1935 a 1945, a popula\u00e7\u00e3o brasileira foi afetada pelo conflito europeu, que impactou seus h\u00e1bitos e as artes produzidas na \u00e9poca, al\u00e9m de presenciar a disputa interna entre comunistas e integralistas na polariza\u00e7\u00e3o que marcava o governo de Get\u00falio Vargas.\u00a0<\/p>\n<p>Acompanhe not\u00edcias e dicas culturais nos blogs a seguir:<\/p>\n<ul>\n<li><a href=\"https:\/\/veja.abril.com.br\/coluna\/tela-plana\" target=\"_blank\" rel=\"noopener nofollow\">Tela Plana<\/a> para novidades da TV e do streaming<\/li>\n<li><a href=\"https:\/\/veja.abril.com.br\/coluna\/o-som-e-a-furia\/\" target=\"_blank\" rel=\"noopener nofollow\">O Som e a F\u00faria<\/a> sobre artistas e lan\u00e7amentos musicais<br \/><a href=\"https:\/\/veja.abril.com.br\/coluna\/em-cartaz\/\" target=\"_blank\" rel=\"noopener nofollow\"><\/li>\n<li><a href=\"https:\/\/veja.abril.com.br\/coluna\/em-cartaz\/\" target=\"_blank\" rel=\"noopener nofollow\">Em Cartaz<\/a> traz dicas de filmes no cinema e no streaming<\/li>\n<li><a href=\"https:\/\/veja.abril.com.br\/noticias-sobre\/livro\" target=\"_blank\" rel=\"noopener nofollow\">Livros<\/a> para not\u00edcias sobre literatura e mercado editorial<\/li>\n<\/ul>\n","protected":false},"excerpt":{"rendered":"Na busca por ser uma trama atualizada e que tivesse credibilidade no ano de 2025, a Vale Tudo&hellip;\n","protected":false},"author":2,"featured_media":115911,"comment_status":"","ping_status":"","sticky":false,"template":"","format":"standard","meta":{"footnotes":""},"categories":[143],"tags":[169,114,115,170,32,33],"class_list":{"0":"post-115910","1":"post","2":"type-post","3":"status-publish","4":"format-standard","5":"has-post-thumbnail","7":"category-livros","8":"tag-books","9":"tag-entertainment","10":"tag-entretenimento","11":"tag-livros","12":"tag-portugal","13":"tag-pt"},"share_on_mastodon":{"url":"","error":""},"_links":{"self":[{"href":"https:\/\/www.europesays.com\/pt\/wp-json\/wp\/v2\/posts\/115910","targetHints":{"allow":["GET"]}}],"collection":[{"href":"https:\/\/www.europesays.com\/pt\/wp-json\/wp\/v2\/posts"}],"about":[{"href":"https:\/\/www.europesays.com\/pt\/wp-json\/wp\/v2\/types\/post"}],"author":[{"embeddable":true,"href":"https:\/\/www.europesays.com\/pt\/wp-json\/wp\/v2\/users\/2"}],"replies":[{"embeddable":true,"href":"https:\/\/www.europesays.com\/pt\/wp-json\/wp\/v2\/comments?post=115910"}],"version-history":[{"count":0,"href":"https:\/\/www.europesays.com\/pt\/wp-json\/wp\/v2\/posts\/115910\/revisions"}],"wp:featuredmedia":[{"embeddable":true,"href":"https:\/\/www.europesays.com\/pt\/wp-json\/wp\/v2\/media\/115911"}],"wp:attachment":[{"href":"https:\/\/www.europesays.com\/pt\/wp-json\/wp\/v2\/media?parent=115910"}],"wp:term":[{"taxonomy":"category","embeddable":true,"href":"https:\/\/www.europesays.com\/pt\/wp-json\/wp\/v2\/categories?post=115910"},{"taxonomy":"post_tag","embeddable":true,"href":"https:\/\/www.europesays.com\/pt\/wp-json\/wp\/v2\/tags?post=115910"}],"curies":[{"name":"wp","href":"https:\/\/api.w.org\/{rel}","templated":true}]}}