{"id":115912,"date":"2025-10-18T13:09:14","date_gmt":"2025-10-18T13:09:14","guid":{"rendered":"https:\/\/www.europesays.com\/pt\/115912\/"},"modified":"2025-10-18T13:09:14","modified_gmt":"2025-10-18T13:09:14","slug":"raimundo-diz-que-povo-esteve-distraido-enquanto-o-irc-descia-observador","status":"publish","type":"post","link":"https:\/\/www.europesays.com\/pt\/115912\/","title":{"rendered":"Raimundo diz que povo esteve distra\u00eddo enquanto o IRC descia \u2013 Observador"},"content":{"rendered":"<p>Acompanhe o<a href=\"https:\/\/observador.pt\/liveblogs\/antonio-filipe-defende-que-convergencia-a-esquerda-deve-ser-feita-a-volta-da-sua-candidatura\/\" rel=\"nofollow noopener\" target=\"_blank\"> nosso liveblog sobre pol\u00edtica.\u00a0<\/a><\/p>\n<p>O secret\u00e1rio-geral do PCP acusou o PSD, CDS, Iniciativa Liberal e Chega de aprovarem de \u201ccara completamente destapada\u201d uma medida a favor dos grupos econ\u00f3micos, enquanto o povo foi entretido com a discuss\u00e3o sobre \u201ccaras tapadas ou destapadas\u201d.<\/p>\n<p>\u201cHoje (sexta-feira) mesmo enquanto nos entretinham com o sim ou o n\u00e3o a caras destapadas, PSD, CDS, Iniciativa Liberal e o Chega de cara completamente destapada aprovaram a descida do IRC para os 19%\u201d, disse Paulo Raimundo durante um com\u00edcio realizado na noite de sexta-feira no Seixal, no distrito de Set\u00fabal, com o tema Outro rumo para o pa\u00eds. Rejeitar o pacote laboral, a explora\u00e7\u00e3o e as injusti\u00e7as.<\/p>\n<p>Numa alus\u00e3o ao projeto de lei do Chega que visa <a href=\"https:\/\/www.google.com\/url?client=internal-element-cse&amp;cx=018163261140574844532:-lpyfofgllu&amp;q=https:\/\/observador.pt\/2025\/10\/17\/parlamento-direita-aprova-proibicao-de-utilizacao-de-burca-no-espaco-publico\/&amp;sa=U&amp;ved=2ahUKEwiWhsGqsKyQAxWnNfsDHYKFEBcQFnoECAUQAg&amp;usg=AOvVaw1Gr18ks4COLm5PaXOPgnqi\" rel=\"nofollow noopener\" target=\"_blank\">proibir a utiliza\u00e7\u00e3o de burca em espa\u00e7os p\u00fablicos<\/a>, esta sexta-feira aprovado na generalidade no Parlamento com os votos favor\u00e1veis do Chega, PSD, IL e CDS-PP, votos contra de PS, Livre, BE e PCP, e a absten\u00e7\u00e3o de PAN e JPP, o l\u00edder comunista disse que \u201co povo foi entretido e est\u00e1 entretido, a esta hora, com a discuss\u00e3o sobre caras tapadas ou caras destapadas\u201d enquanto aprovavam tamb\u00e9m a descida do IRC, medida que considera ser a favor dos grupos econ\u00f3micos.<\/p>\n<p>\u201cTudo ao servi\u00e7o dos grupos econ\u00f3micos, 2.000 milh\u00f5es de euros por ano dos nossos recursos, do nosso esfor\u00e7o a serem desviados para aqueles que ganham milh\u00f5es e milh\u00f5es e que at\u00e9 t\u00eam mais esta benesse da descida do IRC\u201d, frisou.<\/p>\n<p><strong>[Apesar da euforia em torno de Freitas, Soares recupera. O debate com Zenha ser\u00e1 decisivo. Quando acabar, nunca mais ser\u00e3o amigos.\u00a0A\u00a0<a href=\"https:\/\/observador.pt\/programas\/a-eleio-mais-louca-de-sempre\/episodio-3-ele-nao-e-meu-irmao\/\" rel=\"nofollow noopener\" target=\"_blank\">\u201cElei\u00e7\u00e3o Mais Louca de Sempre\u201d<\/a>\u00a0\u00e9 o novo Podcast Plus do Observador sobre as Presidenciais de 1986. Uma s\u00e9rie narrada pelo ator Gon\u00e7alo Waddington, com banda sonora original de Samuel \u00daria. Pode ouvir\u00a0<a href=\"https:\/\/observador.pt\/programas\/a-eleio-mais-louca-de-sempre\/episodio-3-ele-nao-e-meu-irmao\/\" target=\"_blank\" rel=\"noopener nofollow\">aqui<\/a>, no\u00a0Observador, e tamb\u00e9m na\u00a0<a href=\"https:\/\/podcasts.apple.com\/pt\/podcast\/epis%C3%B3dio-3-ele-n%C3%A3o-%C3%A9-meu-irm%C3%A3o\/id1841273464?i=1000731696598\" target=\"_blank\" rel=\"noopener nofollow\">Apple Podcasts<\/a>, no\u00a0<a href=\"https:\/\/open.spotify.com\/episode\/46BVbcvVdeR0JAPt0QqY3V?si=66ce21905d6c443c\" target=\"_blank\" rel=\"noopener nofollow\">Spotify<\/a>\u00a0e no\u00a0<a href=\"https:\/\/music.youtube.com\/watch?v=FAhQNHEr5Tc&amp;si=yiJlZG-PAvTSgxsu\" target=\"_blank\" rel=\"noopener nofollow\">Youtube Music<\/a>. E pode ouvir o primeiro epis\u00f3dio\u00a0<a href=\"https:\/\/observador.pt\/programas\/a-eleio-mais-louca-de-sempre\/estreia-a-eleicao-mais-louca-de-sempre-episodio-1-apostamos-no-cavalo-errado\/\" rel=\"nofollow noopener\" target=\"_blank\">aqui<\/a>\u00a0e o segundo\u00a0<a href=\"https:\/\/observador.pt\/programas\/a-eleio-mais-louca-de-sempre\/episodio-2-uma-traicao-inesperada\/\" rel=\"nofollow noopener\" target=\"_blank\">aqui<\/a>]<\/strong><\/p>\n<p><a href=\"https:\/\/observador.pt\/programas\/a-eleio-mais-louca-de-sempre\/episodio-3-ele-nao-e-meu-irmao\/\" rel=\"nofollow noopener\" target=\"_blank\"><\/p>\n<p>        <img src=\"https:\/\/www.europesays.com\/pt\/wp-content\/uploads\/2025\/10\/770-a-eleicao-mais-louca-de-sempre-playicon.png\" alt=\"\" loading=\"lazy\" decoding=\"async\" class=\"alignnone\" onload=\"this.parentElement.classList.remove('spinner')\" onerror=\"this.parentElement.classList.remove('spinner')\" width=\"770\" height=\"433\"\/>    <\/p>\n<p><\/a><\/p>\n","protected":false},"excerpt":{"rendered":"Acompanhe o nosso liveblog sobre pol\u00edtica.\u00a0 O secret\u00e1rio-geral do PCP acusou o PSD, CDS, Iniciativa Liberal e Chega&hellip;\n","protected":false},"author":2,"featured_media":115913,"comment_status":"","ping_status":"","sticky":false,"template":"","format":"standard","meta":{"footnotes":""},"categories":[142],"tags":[476,90,114,115,2501,26513,57,3596,712,302,32,33,58,151],"class_list":{"0":"post-115912","1":"post","2":"type-post","3":"status-publish","4":"format-standard","5":"has-post-thumbnail","7":"category-tv","8":"tag-economia","9":"tag-empresas","10":"tag-entertainment","11":"tag-entretenimento","12":"tag-impostos","13":"tag-irc","14":"tag-pau00eds","15":"tag-pcp","16":"tag-pessoas","17":"tag-polu00edtica","18":"tag-portugal","19":"tag-pt","20":"tag-sociedade","21":"tag-tv"},"share_on_mastodon":{"url":"","error":""},"_links":{"self":[{"href":"https:\/\/www.europesays.com\/pt\/wp-json\/wp\/v2\/posts\/115912","targetHints":{"allow":["GET"]}}],"collection":[{"href":"https:\/\/www.europesays.com\/pt\/wp-json\/wp\/v2\/posts"}],"about":[{"href":"https:\/\/www.europesays.com\/pt\/wp-json\/wp\/v2\/types\/post"}],"author":[{"embeddable":true,"href":"https:\/\/www.europesays.com\/pt\/wp-json\/wp\/v2\/users\/2"}],"replies":[{"embeddable":true,"href":"https:\/\/www.europesays.com\/pt\/wp-json\/wp\/v2\/comments?post=115912"}],"version-history":[{"count":0,"href":"https:\/\/www.europesays.com\/pt\/wp-json\/wp\/v2\/posts\/115912\/revisions"}],"wp:featuredmedia":[{"embeddable":true,"href":"https:\/\/www.europesays.com\/pt\/wp-json\/wp\/v2\/media\/115913"}],"wp:attachment":[{"href":"https:\/\/www.europesays.com\/pt\/wp-json\/wp\/v2\/media?parent=115912"}],"wp:term":[{"taxonomy":"category","embeddable":true,"href":"https:\/\/www.europesays.com\/pt\/wp-json\/wp\/v2\/categories?post=115912"},{"taxonomy":"post_tag","embeddable":true,"href":"https:\/\/www.europesays.com\/pt\/wp-json\/wp\/v2\/tags?post=115912"}],"curies":[{"name":"wp","href":"https:\/\/api.w.org\/{rel}","templated":true}]}}