{"id":115918,"date":"2025-10-18T13:14:11","date_gmt":"2025-10-18T13:14:11","guid":{"rendered":"https:\/\/www.europesays.com\/pt\/115918\/"},"modified":"2025-10-18T13:14:11","modified_gmt":"2025-10-18T13:14:11","slug":"fim-de-uma-era-com-o-fecho-de-cinco-canais-historicos-da-mtv","status":"publish","type":"post","link":"https:\/\/www.europesays.com\/pt\/115918\/","title":{"rendered":"Fim de uma era com o fecho de cinco canais hist\u00f3ricos da MTV"},"content":{"rendered":"<p>Para muitas gera\u00e7\u00f5es portuguesas, ligar a televis\u00e3o e dar de caras com a MTV era mais do que entretenimento: era &#8220;uma experi\u00eancia cultural completa&#8221;. Videoclipes, programas ic\u00f3nicos e VJs carism\u00e1ticos marcaram d\u00e9cadas, definindo tend\u00eancias de moda, m\u00fasica e comportamento.<\/p>\n<p data-remotead-prev-elm=\"true\" data-remotead-elm-id=\"inread\">Agora, essa era chega ao fim. A Paramount Global anunciou que MTV Music, MTV 80s, MTV 90s, Club MTV e MTV Live v\u00e3o acabar oficialmente at\u00e9 31 de dezembro de 2025. O encerramento come\u00e7a pelo Reino Unido e Irlanda, estendendo-se depois a outros pa\u00edses europeus, Am\u00e9rica Latina e, possivelmente, Oce\u00e2nia. O canal principal, MTV HD, continuar\u00e1 no ar, mas com programa\u00e7\u00e3o centrada em reality shows, como &#8220;Geordie Shore&#8221; e &#8220;Naked Dating UK&#8221;, deixando para tr\u00e1s a vertente musical que tornou a marca ic\u00f3nica.<\/p>\n<p>Rampa de lan\u00e7amento<\/p>\n<p>Em Portugal, a MTV tamb\u00e9m foi uma &#8220;escola de talentos&#8221;. O MTV VJ Casting lan\u00e7ou v\u00e1rios apresentadores que s\u00e3o uma refer\u00eancia na televis\u00e3o nacional, incluindo Filomena Cautela, Ana Sofia Martins, Lu\u00edsa Barbosa e Diogo Dias.<\/p>\n<p data-remotead-prev-elm=\"true\" data-remotead-elm-id=\"centro1\">O an\u00fancio do encerramento gerou uma onda de nostalgia entre os f\u00e3s. Nas redes sociais, muitos recordaram tardes passadas a ver videoclipes e programas ic\u00f3nicos. &#8220;Cresci a descobrir m\u00fasica gra\u00e7as \u00e0 MTV. \u00c9 dif\u00edcil aceitar que isto acaba&#8221;, comentou um dos utilizadores.<\/p>\n<p>O fim dos canais musicais deve-se a &#8220;mudan\u00e7as nos h\u00e1bitos de consumo&#8221;, com plataformas digitais como o YouTube, o TikTok e o Spotify a substitu\u00edrem a televis\u00e3o como principal meio de descoberta musical. A isso, acrescem &#8220;reestrutura\u00e7\u00f5es corporativas&#8221; e cortes de custos da Paramount Global, que pretende concentrar conte\u00fados em servi\u00e7os de streaming como Paramount+ e Pluto TV.<\/p>\n<p data-remotead-prev-elm=\"true\" data-remotead-elm-id=\"centro2\">Recordar programas como &#8220;MTV Unplugged&#8221; ou &#8220;TRL&#8221; \u00e9 voltar a percorrer a pr\u00f3pria juventude. Mesmo que a m\u00fasica continue viva, a experi\u00eancia de &#8220;sentar-se em frente \u00e0 TV e descobrir um novo artista por acaso&#8221; vai desaparecer com o fim destes canais. A MTV, tal como a conhecemos, chega ao fim &#8211; e, com ela, uma gera\u00e7\u00e3o de mem\u00f3rias.<\/p>\n","protected":false},"excerpt":{"rendered":"Para muitas gera\u00e7\u00f5es portuguesas, ligar a televis\u00e3o e dar de caras com a MTV era mais do que&hellip;\n","protected":false},"author":2,"featured_media":115919,"comment_status":"","ping_status":"","sticky":false,"template":"","format":"standard","meta":{"footnotes":""},"categories":[85],"tags":[114,115,715,5586,32,33,218],"class_list":{"0":"post-115918","1":"post","2":"type-post","3":"status-publish","4":"format-standard","5":"has-post-thumbnail","7":"category-entretenimento","8":"tag-entertainment","9":"tag-entretenimento","10":"tag-media","11":"tag-mtv","12":"tag-portugal","13":"tag-pt","14":"tag-televisao"},"share_on_mastodon":{"url":"","error":""},"_links":{"self":[{"href":"https:\/\/www.europesays.com\/pt\/wp-json\/wp\/v2\/posts\/115918","targetHints":{"allow":["GET"]}}],"collection":[{"href":"https:\/\/www.europesays.com\/pt\/wp-json\/wp\/v2\/posts"}],"about":[{"href":"https:\/\/www.europesays.com\/pt\/wp-json\/wp\/v2\/types\/post"}],"author":[{"embeddable":true,"href":"https:\/\/www.europesays.com\/pt\/wp-json\/wp\/v2\/users\/2"}],"replies":[{"embeddable":true,"href":"https:\/\/www.europesays.com\/pt\/wp-json\/wp\/v2\/comments?post=115918"}],"version-history":[{"count":0,"href":"https:\/\/www.europesays.com\/pt\/wp-json\/wp\/v2\/posts\/115918\/revisions"}],"wp:featuredmedia":[{"embeddable":true,"href":"https:\/\/www.europesays.com\/pt\/wp-json\/wp\/v2\/media\/115919"}],"wp:attachment":[{"href":"https:\/\/www.europesays.com\/pt\/wp-json\/wp\/v2\/media?parent=115918"}],"wp:term":[{"taxonomy":"category","embeddable":true,"href":"https:\/\/www.europesays.com\/pt\/wp-json\/wp\/v2\/categories?post=115918"},{"taxonomy":"post_tag","embeddable":true,"href":"https:\/\/www.europesays.com\/pt\/wp-json\/wp\/v2\/tags?post=115918"}],"curies":[{"name":"wp","href":"https:\/\/api.w.org\/{rel}","templated":true}]}}