{"id":115920,"date":"2025-10-18T13:17:15","date_gmt":"2025-10-18T13:17:15","guid":{"rendered":"https:\/\/www.europesays.com\/pt\/115920\/"},"modified":"2025-10-18T13:17:15","modified_gmt":"2025-10-18T13:17:15","slug":"afeganistao-e-paquistao-realizam-negociacoes-de-paz-em-doha-apos-intensos-combates","status":"publish","type":"post","link":"https:\/\/www.europesays.com\/pt\/115920\/","title":{"rendered":"Afeganist\u00e3o e Paquist\u00e3o realizam negocia\u00e7\u00f5es de paz em Doha ap\u00f3s intensos combates"},"content":{"rendered":"<p>&#13;<br \/>\n<b>&#8220;Como prometido, as negocia\u00e7\u00f5es com o lado paquistan\u00eas ter\u00e3o lugar hoje em Doha&#8221;, disse o porta-voz afeg\u00e3o Zabihullah Mujahid em comunicado este s\u00e1bado,<\/b> acrescentando que a equipa de Cabul \u00e9 liderada pelo ministro da Defesa, Mul\u00e1 Muhammad Yaqoob.&#13;\n<\/p>\n<p><b>Uma delega\u00e7\u00e3o paquistanesa j\u00e1 se encontrava na capital do Catar na sexta-feira para as negocia\u00e7\u00f5es e seria acompanhada por mais funcion\u00e1rios de alto n\u00edvel, disseram tr\u00eas respons\u00e1veis governamentais e de seguran\u00e7a \u00e0 Reuters.<\/b><\/p>\n<p>Segundo a televis\u00e3o estatal paquistanesa PTV, &#8220;o ministro da Defesa, Khawaja Asif, e o chefe dos Servi\u00e7os de Informa\u00e7\u00f5es, tenente-general Asim Malik, viajar\u00e3o hoje para Doha para conversar com os talib\u00e3s afeg\u00e3os&#8221;.<\/p>\n<p><b>O Paquist\u00e3o e o Afeganist\u00e3o prolongaram na sexta-feira a tr\u00e9gua de 48 horas para facilitar as negocia\u00e7\u00f5es de Doha<\/b>, enquanto os dois pa\u00edses procuram resolver os confrontos que mataram dezenas e feriram centenas na \u00faltima semana, na pior onda de viol\u00eancia entre as duas na\u00e7\u00f5es do sul da \u00c1sia desde que os talib\u00e3s tomaram o poder em Cabul, em 2021. Apesar do cessar-fogo, na sexta-feira, fontes de seguran\u00e7a de Islamabade disseram que o Paquist\u00e3o efetuou &#8220;ataques a\u00e9reos de precis\u00e3o&#8221; contra um grupo descrito como terrorista.<\/p>\n<p>Os combates terrestres entre os antigos aliados e os ataques a\u00e9reos paquistaneses na sua disputada fronteira de 2.600 quil\u00f3metros foram desencadeados depois de Islamabade ter exigido a Cabul que controlasse os militantes que tinham intensificado os ataques no Paquist\u00e3o, alegando que operavam a partir de ref\u00fagios no Afeganist\u00e3o.<\/p>\n<p>&#8220;O regime afeg\u00e3o deve controlar os representantes que t\u00eam santu\u00e1rios no Afeganist\u00e3o e est\u00e3o a utilizar o solo afeg\u00e3o para perpetrar ataques hediondos dentro do Paquist\u00e3o&#8221;, disse o chefe do Ex\u00e9rcito paquistan\u00eas, Marechal de Campo Asim Munir, este s\u00e1bado, discursando numa cerim\u00f3nia de gradua\u00e7\u00e3o de cadetes.<\/p>\n<p>c\/ag\u00eancias&#13;\n<\/p>\n<p>&#13;<br \/>\n\u00a0&#13;<\/p>\n","protected":false},"excerpt":{"rendered":"&#13; &#8220;Como prometido, as negocia\u00e7\u00f5es com o lado paquistan\u00eas ter\u00e3o lugar hoje em Doha&#8221;, disse o porta-voz afeg\u00e3o&hellip;\n","protected":false},"author":2,"featured_media":115921,"comment_status":"","ping_status":"","sticky":false,"template":"","format":"standard","meta":{"footnotes":""},"categories":[50],"tags":[15560,27,28,254,19190,15,16,14,25,26,21,22,62,12,13,19,20,4119,23,24,17,18,29,30,31,63,64,65],"class_list":{"0":"post-115920","1":"post","2":"type-post","3":"status-publish","4":"format-standard","5":"has-post-thumbnail","7":"category-mundo","8":"tag-afeganistao","9":"tag-breaking-news","10":"tag-breakingnews","11":"tag-catar","12":"tag-doha","13":"tag-featured-news","14":"tag-featurednews","15":"tag-headlines","16":"tag-latest-news","17":"tag-latestnews","18":"tag-main-news","19":"tag-mainnews","20":"tag-mundo","21":"tag-news","22":"tag-noticias","23":"tag-noticias-principais","24":"tag-noticiasprincipais","25":"tag-paquistao","26":"tag-principais-noticias","27":"tag-principaisnoticias","28":"tag-top-stories","29":"tag-topstories","30":"tag-ultimas","31":"tag-ultimas-noticias","32":"tag-ultimasnoticias","33":"tag-world","34":"tag-world-news","35":"tag-worldnews"},"share_on_mastodon":{"url":"","error":""},"_links":{"self":[{"href":"https:\/\/www.europesays.com\/pt\/wp-json\/wp\/v2\/posts\/115920","targetHints":{"allow":["GET"]}}],"collection":[{"href":"https:\/\/www.europesays.com\/pt\/wp-json\/wp\/v2\/posts"}],"about":[{"href":"https:\/\/www.europesays.com\/pt\/wp-json\/wp\/v2\/types\/post"}],"author":[{"embeddable":true,"href":"https:\/\/www.europesays.com\/pt\/wp-json\/wp\/v2\/users\/2"}],"replies":[{"embeddable":true,"href":"https:\/\/www.europesays.com\/pt\/wp-json\/wp\/v2\/comments?post=115920"}],"version-history":[{"count":0,"href":"https:\/\/www.europesays.com\/pt\/wp-json\/wp\/v2\/posts\/115920\/revisions"}],"wp:featuredmedia":[{"embeddable":true,"href":"https:\/\/www.europesays.com\/pt\/wp-json\/wp\/v2\/media\/115921"}],"wp:attachment":[{"href":"https:\/\/www.europesays.com\/pt\/wp-json\/wp\/v2\/media?parent=115920"}],"wp:term":[{"taxonomy":"category","embeddable":true,"href":"https:\/\/www.europesays.com\/pt\/wp-json\/wp\/v2\/categories?post=115920"},{"taxonomy":"post_tag","embeddable":true,"href":"https:\/\/www.europesays.com\/pt\/wp-json\/wp\/v2\/tags?post=115920"}],"curies":[{"name":"wp","href":"https:\/\/api.w.org\/{rel}","templated":true}]}}