{"id":115922,"date":"2025-10-18T13:19:27","date_gmt":"2025-10-18T13:19:27","guid":{"rendered":"https:\/\/www.europesays.com\/pt\/115922\/"},"modified":"2025-10-18T13:19:27","modified_gmt":"2025-10-18T13:19:27","slug":"o-mirante-pj-investiga-caso-de-violacao-no-centro-de-santarem","status":"publish","type":"post","link":"https:\/\/www.europesays.com\/pt\/115922\/","title":{"rendered":"O MIRANTE | PJ investiga caso de viola\u00e7\u00e3o no centro de Santar\u00e9m"},"content":{"rendered":"<p>A Pol\u00edcia Judici\u00e1ria (PJ) est\u00e1 a investigar uma alegada viola\u00e7\u00e3o de uma mulher na madrugada de s\u00e1bado, 11 de Outubro, no centro de Santar\u00e9m, conformou a O MIRANTE fonte da PJ de Lisboa. A v\u00edtima \u00e9 uma mulher na casa dos 40 anos, que diz ter sido violada por um homem sob amea\u00e7a de arma branca. Apresentou queixa na PSP na manh\u00e3 desse mesmo dia, tendo a investiga\u00e7\u00e3o posteriormente passado para a al\u00e7ada da PJ.<br \/>O caso ocorreu no terreno onde foi demolido um pr\u00e9dio em Mar\u00e7o de 2023, na esquina da Rua Pedro Canavarro com a Rua Pedro Calmon, junto ao jardim da Liberdade e n\u00e3o muito longe da esquadra da PSP. O espa\u00e7o encontra-se delimitado com taipais, mas existe uma brecha na veda\u00e7\u00e3o, por onde o agressor e a v\u00edtima ter\u00e3o entrado. <\/p>\n","protected":false},"excerpt":{"rendered":"A Pol\u00edcia Judici\u00e1ria (PJ) est\u00e1 a investigar uma alegada viola\u00e7\u00e3o de uma mulher na madrugada de s\u00e1bado, 11&hellip;\n","protected":false},"author":2,"featured_media":115923,"comment_status":"","ping_status":"","sticky":false,"template":"","format":"standard","meta":{"footnotes":""},"categories":[8],"tags":[27,28,15,16,14,6569,6568,25,26,21,22,12,13,19,20,32,23,24,33,3551,5314,17,18,29,30,31],"class_list":{"0":"post-115922","1":"post","2":"type-post","3":"status-publish","4":"format-standard","5":"has-post-thumbnail","7":"category-principais-noticias","8":"tag-breaking-news","9":"tag-breakingnews","10":"tag-featured-news","11":"tag-featurednews","12":"tag-headlines","13":"tag-jornal-regional","14":"tag-jornalismo-de-proximidade","15":"tag-latest-news","16":"tag-latestnews","17":"tag-main-news","18":"tag-mainnews","19":"tag-news","20":"tag-noticias","21":"tag-noticias-principais","22":"tag-noticiasprincipais","23":"tag-portugal","24":"tag-principais-noticias","25":"tag-principaisnoticias","26":"tag-pt","27":"tag-regiao","28":"tag-ribatejo","29":"tag-top-stories","30":"tag-topstories","31":"tag-ultimas","32":"tag-ultimas-noticias","33":"tag-ultimasnoticias"},"share_on_mastodon":{"url":"","error":""},"_links":{"self":[{"href":"https:\/\/www.europesays.com\/pt\/wp-json\/wp\/v2\/posts\/115922","targetHints":{"allow":["GET"]}}],"collection":[{"href":"https:\/\/www.europesays.com\/pt\/wp-json\/wp\/v2\/posts"}],"about":[{"href":"https:\/\/www.europesays.com\/pt\/wp-json\/wp\/v2\/types\/post"}],"author":[{"embeddable":true,"href":"https:\/\/www.europesays.com\/pt\/wp-json\/wp\/v2\/users\/2"}],"replies":[{"embeddable":true,"href":"https:\/\/www.europesays.com\/pt\/wp-json\/wp\/v2\/comments?post=115922"}],"version-history":[{"count":0,"href":"https:\/\/www.europesays.com\/pt\/wp-json\/wp\/v2\/posts\/115922\/revisions"}],"wp:featuredmedia":[{"embeddable":true,"href":"https:\/\/www.europesays.com\/pt\/wp-json\/wp\/v2\/media\/115923"}],"wp:attachment":[{"href":"https:\/\/www.europesays.com\/pt\/wp-json\/wp\/v2\/media?parent=115922"}],"wp:term":[{"taxonomy":"category","embeddable":true,"href":"https:\/\/www.europesays.com\/pt\/wp-json\/wp\/v2\/categories?post=115922"},{"taxonomy":"post_tag","embeddable":true,"href":"https:\/\/www.europesays.com\/pt\/wp-json\/wp\/v2\/tags?post=115922"}],"curies":[{"name":"wp","href":"https:\/\/api.w.org\/{rel}","templated":true}]}}