{"id":115926,"date":"2025-10-18T13:22:20","date_gmt":"2025-10-18T13:22:20","guid":{"rendered":"https:\/\/www.europesays.com\/pt\/115926\/"},"modified":"2025-10-18T13:22:20","modified_gmt":"2025-10-18T13:22:20","slug":"lynch-colonialismo-zizek-e-ernaux-2","status":"publish","type":"post","link":"https:\/\/www.europesays.com\/pt\/115926\/","title":{"rendered":"Lynch, colonialismo, Zizek e Ernaux"},"content":{"rendered":"<p>Esta semana temos na estante \u201cLynch sobre Lynch\u201d, um conjunto revelador de entrevistas ao realizador de \u201cEraserhead\u201d; \u201cMarginalizados\u201d, um ensaio da historiadora polaca Agata Bloch sobre o imp\u00e9rio colonial portugu\u00eas, intitulado \u201cMarginalizados\u201d; as reflex\u00f5es de um fil\u00f3sofo progressista, Slavoj Zizek, \u201cContra o Progresso\u201d; e as reflex\u00f5es de uma escritora Nobel, Annie Ernaux, sobre o processo de escrever em \u201cA Escrita como uma Faca\u201d.<\/p>\n<p>\t\t<img decoding=\"async\" src=\"https:\/\/www.europesays.com\/pt\/wp-content\/uploads\/2025\/10\/1760793740_588_thumbs.web.sapo.io\"  loading=\"true\"\/><\/p>\n<p>                        SIC Not\u00edcias<\/p>\n<p>Programa Cujo Nome Estamos Legalmente Impedidos de Dizer, com Carlos Vaz Marques, Ricardo Ara\u00fajo Pereira, Pedro Mexia e Jo\u00e3o Miguel Tavares, est\u00e1 dispon\u00edvel dos sites do Expresso, da SIC Not\u00edcias ou em qualquer plataforma que utilize no seu smartphone ou computador para ouvir podcasts. Ou\u00e7a aqui mais epis\u00f3dios:<\/p>\n","protected":false},"excerpt":{"rendered":"Esta semana temos na estante \u201cLynch sobre Lynch\u201d, um conjunto revelador de entrevistas ao realizador de \u201cEraserhead\u201d; \u201cMarginalizados\u201d,&hellip;\n","protected":false},"author":2,"featured_media":115927,"comment_status":"","ping_status":"","sticky":false,"template":"","format":"standard","meta":{"footnotes":""},"categories":[143],"tags":[169,114,115,170,32,33],"class_list":{"0":"post-115926","1":"post","2":"type-post","3":"status-publish","4":"format-standard","5":"has-post-thumbnail","7":"category-livros","8":"tag-books","9":"tag-entertainment","10":"tag-entretenimento","11":"tag-livros","12":"tag-portugal","13":"tag-pt"},"share_on_mastodon":{"url":"","error":""},"_links":{"self":[{"href":"https:\/\/www.europesays.com\/pt\/wp-json\/wp\/v2\/posts\/115926","targetHints":{"allow":["GET"]}}],"collection":[{"href":"https:\/\/www.europesays.com\/pt\/wp-json\/wp\/v2\/posts"}],"about":[{"href":"https:\/\/www.europesays.com\/pt\/wp-json\/wp\/v2\/types\/post"}],"author":[{"embeddable":true,"href":"https:\/\/www.europesays.com\/pt\/wp-json\/wp\/v2\/users\/2"}],"replies":[{"embeddable":true,"href":"https:\/\/www.europesays.com\/pt\/wp-json\/wp\/v2\/comments?post=115926"}],"version-history":[{"count":0,"href":"https:\/\/www.europesays.com\/pt\/wp-json\/wp\/v2\/posts\/115926\/revisions"}],"wp:featuredmedia":[{"embeddable":true,"href":"https:\/\/www.europesays.com\/pt\/wp-json\/wp\/v2\/media\/115927"}],"wp:attachment":[{"href":"https:\/\/www.europesays.com\/pt\/wp-json\/wp\/v2\/media?parent=115926"}],"wp:term":[{"taxonomy":"category","embeddable":true,"href":"https:\/\/www.europesays.com\/pt\/wp-json\/wp\/v2\/categories?post=115926"},{"taxonomy":"post_tag","embeddable":true,"href":"https:\/\/www.europesays.com\/pt\/wp-json\/wp\/v2\/tags?post=115926"}],"curies":[{"name":"wp","href":"https:\/\/api.w.org\/{rel}","templated":true}]}}