{"id":115930,"date":"2025-10-18T13:26:08","date_gmt":"2025-10-18T13:26:08","guid":{"rendered":"https:\/\/www.europesays.com\/pt\/115930\/"},"modified":"2025-10-18T13:26:08","modified_gmt":"2025-10-18T13:26:08","slug":"taca-o-onze-provavel-do-fc-porto-para-defrontar-o-celoricense","status":"publish","type":"post","link":"https:\/\/www.europesays.com\/pt\/115930\/","title":{"rendered":"Ta\u00e7a: o onze prov\u00e1vel do FC Porto para defrontar o Celoricense"},"content":{"rendered":"<p style=\"margin-bottom:11px\">Francesco Farioli promete ir na m\u00e1xima for\u00e7a a Barcelos para o duelo com o Celoricense \u2013 do Campeonato de Portugal \u2013 na terceira eliminat\u00f3ria da Ta\u00e7a de Portugal. Por isso, e al\u00e9m da titularidade certa do guarda-redes Cl\u00e1udio Ramos, o treinador do FC Porto dever\u00e1 promover t\u00e9nues mudan\u00e7as, com Martim Fernandes, Prpic, Eust\u00e1quio e Deniz G\u00fcl a espreitarem oportunidades.<\/p>\n<p>Consulte na galeria associada o \u201conze\u201d prov\u00e1vel dos drag\u00f5es para o duelo agendado para as 18 horas deste s\u00e1bado.<\/p>\n<p>No calend\u00e1rio dos azuis e brancos segue-se a visita a Nottingham (quinta-feira, 20h), para a Liga Europa, e o regresso ao campeonato, no reduto do Moreirense (27 de outubro, 20h15).<\/p>\n","protected":false},"excerpt":{"rendered":"Francesco Farioli promete ir na m\u00e1xima for\u00e7a a Barcelos para o duelo com o Celoricense \u2013 do Campeonato&hellip;\n","protected":false},"author":2,"featured_media":115931,"comment_status":"","ping_status":"","sticky":false,"template":"","format":"standard","meta":{"footnotes":""},"categories":[87],"tags":[135,2095,282,1011,46,6924,462,32,33,47,134,3142],"class_list":{"0":"post-115930","1":"post","2":"type-post","3":"status-publish","4":"format-standard","5":"has-post-thumbnail","7":"category-desporto","8":"tag-desporto","9":"tag-farioli","10":"tag-fc-porto","11":"tag-francesco-farioli","12":"tag-maisfutebol","13":"tag-onze-provavel","14":"tag-porto","15":"tag-portugal","16":"tag-pt","17":"tag-pura-paixao","18":"tag-sports","19":"tag-taca-de-portugal"},"share_on_mastodon":{"url":"","error":""},"_links":{"self":[{"href":"https:\/\/www.europesays.com\/pt\/wp-json\/wp\/v2\/posts\/115930","targetHints":{"allow":["GET"]}}],"collection":[{"href":"https:\/\/www.europesays.com\/pt\/wp-json\/wp\/v2\/posts"}],"about":[{"href":"https:\/\/www.europesays.com\/pt\/wp-json\/wp\/v2\/types\/post"}],"author":[{"embeddable":true,"href":"https:\/\/www.europesays.com\/pt\/wp-json\/wp\/v2\/users\/2"}],"replies":[{"embeddable":true,"href":"https:\/\/www.europesays.com\/pt\/wp-json\/wp\/v2\/comments?post=115930"}],"version-history":[{"count":0,"href":"https:\/\/www.europesays.com\/pt\/wp-json\/wp\/v2\/posts\/115930\/revisions"}],"wp:featuredmedia":[{"embeddable":true,"href":"https:\/\/www.europesays.com\/pt\/wp-json\/wp\/v2\/media\/115931"}],"wp:attachment":[{"href":"https:\/\/www.europesays.com\/pt\/wp-json\/wp\/v2\/media?parent=115930"}],"wp:term":[{"taxonomy":"category","embeddable":true,"href":"https:\/\/www.europesays.com\/pt\/wp-json\/wp\/v2\/categories?post=115930"},{"taxonomy":"post_tag","embeddable":true,"href":"https:\/\/www.europesays.com\/pt\/wp-json\/wp\/v2\/tags?post=115930"}],"curies":[{"name":"wp","href":"https:\/\/api.w.org\/{rel}","templated":true}]}}