{"id":115932,"date":"2025-10-18T13:27:09","date_gmt":"2025-10-18T13:27:09","guid":{"rendered":"https:\/\/www.europesays.com\/pt\/115932\/"},"modified":"2025-10-18T13:27:09","modified_gmt":"2025-10-18T13:27:09","slug":"66-dos-adultos-estao-com-esquema-vacinal-atualizado-em-campo-grande","status":"publish","type":"post","link":"https:\/\/www.europesays.com\/pt\/115932\/","title":{"rendered":"66% dos adultos est\u00e3o com esquema vacinal atualizado em Campo Grande"},"content":{"rendered":"<p><a href=\"https:\/\/cdn6.campograndenews.com.br\/uploads\/noticias\/2025\/10\/18\/a0629fb8828ecb225290908c11e494cac305e711.png\" data-fslightbox=\"gallery\" data-title=\"Maioria dos leitores diz que os adultos da casa est\u00e3o com as vacinas em dia\" rel=\"nofollow noopener\" target=\"_blank\"><img decoding=\"async\" src=\"https:\/\/www.europesays.com\/pt\/wp-content\/uploads\/2025\/10\/9624gnbqe524.png\" class=\"img-fluid\" alt=\"Maioria dos leitores diz que os adultos da casa est\u00e3o com as vacinas em dia\" data-width=\"640\" data-height=\"428\" width=\"714\" height=\"477.484\" title=\"Maioria dos leitores diz que os adultos da casa est\u00e3o com as vacinas em dia\"   loading=\"lazy\"\/><\/a>Profissional da Sesau aplicando vacina durante campanha (Foto: Arquivo)<\/p>\n<p>A maioria dos leitores do <strong>Campo Grande News<\/strong> que participaram da enquete desta sexta-feira (18) afirmou que os adultos de sua casa est\u00e3o com o esquema vacinal em dia. J\u00e1 34% disseram que nem todas as vacinas est\u00e3o atualizadas.<\/p>\n<p>Pesquisa realizada pelo Campo Grande News revela que a maioria dos leitores mant\u00e9m o esquema vacinal em dia, enquanto 34% admitem estar com vacinas desatualizadas. Para combater a baixa ades\u00e3o, o Minist\u00e9rio da Sa\u00fade investiu mais de R$ 150 milh\u00f5es em mobiliza\u00e7\u00f5es de vacina\u00e7\u00e3o desde 2023. Neste s\u00e1bado (19), Campo Grande promove o &#8220;Dia D&#8221; da Campanha de Multivacina\u00e7\u00e3o em dois locais: na Par\u00f3quia Santo Expedito e na USF Tiradentes. Especialistas alertam que a baixa cobertura vacinal pode resultar no retorno de doen\u00e7as j\u00e1 controladas, como sarampo e coqueluche.<\/p>\n<p>Para conter a baixa ades\u00e3o \u00e0 imuniza\u00e7\u00e3o, o Minist\u00e9rio da <a href=\"https:\/\/www.campograndenews.com.br\/saude\" target=\"_blank\" rel=\"nofollow noopener\">Sa\u00fade<\/a> tem refor\u00e7ado grandes mobiliza\u00e7\u00f5es de vacina\u00e7\u00e3o. Desde 2023, foram destinados mais de R$ 150 milh\u00f5es a estados e munic\u00edpios para ampliar a cobertura vacinal.<\/p>\n<p>Conforme a endocrinopediatra Gabriella Lemos Borges Zanin, a queda na cobertura vacinal representa risco de retorno de doen\u00e7as que j\u00e1 estavam controladas. A m\u00e9dica cita como exemplo o reaparecimento do sarampo e da coqueluche nos \u00faltimos anos.<\/p>\n<p>\u201cQuanto menor o n\u00famero de pessoas vacinadas, maior a oportunidade para v\u00edrus e bact\u00e9rias circularem e criarem resist\u00eancia. Isso aumenta o risco de contamina\u00e7\u00e3o, principalmente entre crian\u00e7as, idosos e pessoas imunodeficientes\u201d, alerta.<\/p>\n<p>Neste s\u00e1bado (19), Campo Grande realiza o \u201cDia D\u201d da Campanha de Multivacina\u00e7\u00e3o. A a\u00e7\u00e3o acontece na Par\u00f3quia Santo Expedito, na Rua Deocleciano Dias Bagagem, 908, no Jardim Itamarac\u00e1, das 8h \u00e0s 12h, e na USF (Unidade de <a href=\"https:\/\/www.campograndenews.com.br\/saude\" target=\"_blank\" rel=\"nofollow noopener\">Sa\u00fade<\/a> da Fam\u00edlia) Tiradentes, na Rua Jos\u00e9 Nogueira Vieira, 337, bairro Tiradentes, das 7h30 \u00e0s 16h45.<\/p>\n<p>A orienta\u00e7\u00e3o \u00e9 que todos levem documento com foto e a caderneta de vacina\u00e7\u00e3o. A campanha nacional tem como objetivo ampliar o acesso da popula\u00e7\u00e3o \u00e0s vacinas e atualizar as cadernetas de crian\u00e7as, adolescentes e adultos.<\/p>\n<p><a href=\"https:\/\/cdn6.campograndenews.com.br\/uploads\/noticias\/2025\/10\/18\/68f37ccc8f5d8.jpg\" data-fslightbox=\"gallery\" data-title=\"Maioria dos leitores diz que os adultos da casa est\u00e3o com as vacinas em dia\" rel=\"nofollow noopener\" target=\"_blank\"><img decoding=\"async\" src=\"https:\/\/www.europesays.com\/pt\/wp-content\/uploads\/2025\/10\/rkwpmsro4900.jpg\" class=\"img-fluid\" width=\"508\" height=\"353.391\" alt=\"Maioria dos leitores diz que os adultos da casa est\u00e3o com as vacinas em dia\" title=\"Maioria dos leitores diz que os adultos da casa est\u00e3o com as vacinas em dia\"   loading=\"lazy\"\/><\/a><\/p>\n<p>Receba as principais not\u00edcias do Estado pelo Whats. <a href=\"https:\/\/whatsapp.com\/channel\/0029Va6UwSHHltY8c4OtUb0j\" rel=\"noopener noreferrer nofollow\" target=\"_blank\">Clique aqui para acessar o <strong>canal do<\/strong> <strong>Campo Grande News<\/strong><\/a> e siga nossas <a href=\"https:\/\/www.tiktok.com\/@campograndenews?_t=8jKPysGs6SL&amp;_r=1\" rel=\"noopener noreferrer nofollow\" target=\"_blank\"><strong>redes sociais<\/strong><\/a>.<\/p>\n<p><script async src=\"\/\/www.tiktok.com\/embed.js\"><\/script><\/p>\n","protected":false},"excerpt":{"rendered":"Profissional da Sesau aplicando vacina durante campanha (Foto: Arquivo) A maioria dos leitores do Campo Grande News que&hellip;\n","protected":false},"author":2,"featured_media":115933,"comment_status":"","ping_status":"","sticky":false,"template":"","format":"standard","meta":{"footnotes":""},"categories":[86],"tags":[3952,27182,25789,27180,27183,27185,3946,2019,27184,27179,27181,116,15612,12,5336,32,33,117,2782],"class_list":{"0":"post-115932","1":"post","2":"type-post","3":"status-publish","4":"format-standard","5":"has-post-thumbnail","7":"category-saude","8":"tag-feira","9":"tag-34-disseram","10":"tag-adultos","11":"tag-afirmou","12":"tag-atualizadas","13":"tag-baixa-adeso","14":"tag-campo","15":"tag-casa","16":"tag-conter","17":"tag-enquete","18":"tag-esquema-vacinal","19":"tag-health","20":"tag-leitores","21":"tag-news","22":"tag-participaram","23":"tag-portugal","24":"tag-pt","25":"tag-saude","26":"tag-vacinas"},"share_on_mastodon":{"url":"","error":""},"_links":{"self":[{"href":"https:\/\/www.europesays.com\/pt\/wp-json\/wp\/v2\/posts\/115932","targetHints":{"allow":["GET"]}}],"collection":[{"href":"https:\/\/www.europesays.com\/pt\/wp-json\/wp\/v2\/posts"}],"about":[{"href":"https:\/\/www.europesays.com\/pt\/wp-json\/wp\/v2\/types\/post"}],"author":[{"embeddable":true,"href":"https:\/\/www.europesays.com\/pt\/wp-json\/wp\/v2\/users\/2"}],"replies":[{"embeddable":true,"href":"https:\/\/www.europesays.com\/pt\/wp-json\/wp\/v2\/comments?post=115932"}],"version-history":[{"count":0,"href":"https:\/\/www.europesays.com\/pt\/wp-json\/wp\/v2\/posts\/115932\/revisions"}],"wp:featuredmedia":[{"embeddable":true,"href":"https:\/\/www.europesays.com\/pt\/wp-json\/wp\/v2\/media\/115933"}],"wp:attachment":[{"href":"https:\/\/www.europesays.com\/pt\/wp-json\/wp\/v2\/media?parent=115932"}],"wp:term":[{"taxonomy":"category","embeddable":true,"href":"https:\/\/www.europesays.com\/pt\/wp-json\/wp\/v2\/categories?post=115932"},{"taxonomy":"post_tag","embeddable":true,"href":"https:\/\/www.europesays.com\/pt\/wp-json\/wp\/v2\/tags?post=115932"}],"curies":[{"name":"wp","href":"https:\/\/api.w.org\/{rel}","templated":true}]}}