{"id":115938,"date":"2025-10-18T13:36:52","date_gmt":"2025-10-18T13:36:52","guid":{"rendered":"https:\/\/www.europesays.com\/pt\/115938\/"},"modified":"2025-10-18T13:36:52","modified_gmt":"2025-10-18T13:36:52","slug":"sao-paulo-negra-da-visibilidade-a-historia-e-ao-protagonismo-da-populacao-preta-na-capital-paulista-brasil-de-fato","status":"publish","type":"post","link":"https:\/\/www.europesays.com\/pt\/115938\/","title":{"rendered":"\u2018S\u00e3o Paulo Negra\u2019 d\u00e1 visibilidade \u00e0 hist\u00f3ria e ao protagonismo da popula\u00e7\u00e3o preta na capital paulista \u2014 Brasil de Fato"},"content":{"rendered":"<p>S\u00e3o Paulo \u00e9 a cidade com o maior n\u00famero de pessoas negras fora da \u00c1frica. Dos 11,4 milh\u00f5es de habitantes, 43% se consideram pretos ou pardos, ou seja, cerca de 4,9 milh\u00f5es de pessoas. Mesmo assim, suas hist\u00f3rias seguem pouco registradas nas escolas e na m\u00eddia. Para mudar esse cen\u00e1rio, a plataforma Guia Negro lan\u00e7ou o livro S\u00e3o Paulo Negra, que re\u00fane trajet\u00f3rias, lugares e personagens que constru\u00edram a capital paulista.<\/p>\n<p>\u201c\u00c9 uma obra que nasce em colabora\u00e7\u00e3o com 25 autores. Estamos bem felizes com essa obra coletiva e de trazer essas hist\u00f3rias que v\u00e3o negritando uma hist\u00f3ria que sempre foi muito embranquecida\u201d, afirma Guilherme Soares Dias, fundador do Guia Negro e organizador da publica\u00e7\u00e3o, em entrevista ao <a href=\"https:\/\/www.youtube.com\/watch?v=HlV2BPGjPGY\" rel=\"nofollow noopener\" target=\"_blank\">Conex\u00e3o BdF<\/a>, da <strong>R\u00e1dio Brasil de Fato<\/strong>. O lan\u00e7amento ocorre neste s\u00e1bado (18), \u00e0s 16h, no restaurante Jerks, no centro de S\u00e3o Paulo.<\/p>\n<p>O projeto surgiu a partir das caminhadas negras promovidas pela plataforma. \u201cPercebemos que a hist\u00f3ria negra est\u00e1 muito na oralidade. Ent\u00e3o quisemos trazer essa hist\u00f3ria negra para a documenta\u00e7\u00e3o\u201d, explica Dias. \u201cFalando sobre personagens, lugares e cultura negra, tem muita coisa. A parte de cultura \u00e9 bem extensa. Estamos felizes tamb\u00e9m de trazer esse aspecto positivo\u201d, celebra.<\/p>\n<p>Al\u00e9m de ampliar o trabalho de afroturismo j\u00e1 realizado pelo Guia Negro, o livro marca o in\u00edcio de uma nova fase da iniciativa: o lan\u00e7amento da editora Guia Negro. \u201cO Guia Negro, com o livro, se torna uma editora. \u00c9 a primeira publica\u00e7\u00e3o nossa\u201d, conta o fundador.<\/p>\n<p>Para ele, a diversidade de autores se reflete nas linguagens presentes na obra. \u201cTem textos que s\u00e3o mais po\u00e9ticos, tem textos que s\u00e3o mais jornal\u00edsticos, tem textos que s\u00e3o mais hist\u00f3ricos, tem textos que s\u00e3o mais relatos pessoais\u201d, detalha Dias. \u201cN\u00e3o quer\u00edamos ter uma edi\u00e7\u00e3o chapada, que todos os textos tivessem a mesma cara\u201d, explica.<\/p>\n<p>O objetivo, segundo o autor, \u00e9 que S\u00e3o Paulo Negra inspire outras capitais. \u201cEsse \u00e9 o nosso sonho. Brincamos que agora faltam as outras 26 capitais porque tem hist\u00f3ria negra nas outras 26 capitais. A meta realmente \u00e9 essa. Estamos sonhando agora com o pr\u00f3ximo [livro] ser de Salvador\u201d, revela.<\/p>\n<p>Servi\u00e7o<\/p>\n<p><strong>Lan\u00e7amento do livro S\u00e3o Paulo Negra<\/strong><\/p>\n<ul class=\"wp-block-list\">\n<li>S\u00e1bado (18), \u00e0s 16h<\/li>\n<li>Jerks (Rua Bento Freitas, 158 \u2013 Rep\u00fablica, S\u00e3o Paulo<\/li>\n<li>O livro pode ser adquirido pelo link dispon\u00edvel no Instagram <a href=\"https:\/\/www.instagram.com\/guianegro\" rel=\"nofollow noopener\" target=\"_blank\">@guianegro<\/a><\/li>\n<\/ul>\n<p>Para ouvir e assistir<\/p>\n<p>O jornal\u00a0Conex\u00e3o BdF\u00a0vai ao ar em duas edi\u00e7\u00f5es, de segunda a sexta-feira: a primeira \u00e0s 9h e a segunda \u00e0s 17h, na\u00a0<strong><a href=\"https:\/\/radiobrasildefato.com.br\/\" target=\"_blank\" rel=\"noreferrer noopener nofollow\">R\u00e1dio Brasil de Fato<\/a><\/strong>,\u00a0<strong>98.9 FM<\/strong>\u00a0na Grande S\u00e3o Paulo, com transmiss\u00e3o simult\u00e2nea tamb\u00e9m pelo\u00a0<a href=\"https:\/\/www.youtube.com\/@brasildefato\/playlists\" target=\"_blank\" rel=\"noreferrer noopener nofollow\">YouTube do Brasil de Fato<\/a>.<\/p>\n<p><script async src=\"\/\/www.instagram.com\/embed.js\"><\/script><\/p>\n","protected":false},"excerpt":{"rendered":"S\u00e3o Paulo \u00e9 a cidade com o maior n\u00famero de pessoas negras fora da \u00c1frica. Dos 11,4 milh\u00f5es&hellip;\n","protected":false},"author":2,"featured_media":115939,"comment_status":"","ping_status":"","sticky":false,"template":"","format":"standard","meta":{"footnotes":""},"categories":[143],"tags":[169,114,115,170,32,33],"class_list":{"0":"post-115938","1":"post","2":"type-post","3":"status-publish","4":"format-standard","5":"has-post-thumbnail","7":"category-livros","8":"tag-books","9":"tag-entertainment","10":"tag-entretenimento","11":"tag-livros","12":"tag-portugal","13":"tag-pt"},"share_on_mastodon":{"url":"","error":""},"_links":{"self":[{"href":"https:\/\/www.europesays.com\/pt\/wp-json\/wp\/v2\/posts\/115938","targetHints":{"allow":["GET"]}}],"collection":[{"href":"https:\/\/www.europesays.com\/pt\/wp-json\/wp\/v2\/posts"}],"about":[{"href":"https:\/\/www.europesays.com\/pt\/wp-json\/wp\/v2\/types\/post"}],"author":[{"embeddable":true,"href":"https:\/\/www.europesays.com\/pt\/wp-json\/wp\/v2\/users\/2"}],"replies":[{"embeddable":true,"href":"https:\/\/www.europesays.com\/pt\/wp-json\/wp\/v2\/comments?post=115938"}],"version-history":[{"count":0,"href":"https:\/\/www.europesays.com\/pt\/wp-json\/wp\/v2\/posts\/115938\/revisions"}],"wp:featuredmedia":[{"embeddable":true,"href":"https:\/\/www.europesays.com\/pt\/wp-json\/wp\/v2\/media\/115939"}],"wp:attachment":[{"href":"https:\/\/www.europesays.com\/pt\/wp-json\/wp\/v2\/media?parent=115938"}],"wp:term":[{"taxonomy":"category","embeddable":true,"href":"https:\/\/www.europesays.com\/pt\/wp-json\/wp\/v2\/categories?post=115938"},{"taxonomy":"post_tag","embeddable":true,"href":"https:\/\/www.europesays.com\/pt\/wp-json\/wp\/v2\/tags?post=115938"}],"curies":[{"name":"wp","href":"https:\/\/api.w.org\/{rel}","templated":true}]}}