{"id":115940,"date":"2025-10-18T13:38:13","date_gmt":"2025-10-18T13:38:13","guid":{"rendered":"https:\/\/www.europesays.com\/pt\/115940\/"},"modified":"2025-10-18T13:38:13","modified_gmt":"2025-10-18T13:38:13","slug":"a-protegida-laura-incredula-com-video-de-oscar-a-apreender-droga-novelas","status":"publish","type":"post","link":"https:\/\/www.europesays.com\/pt\/115940\/","title":{"rendered":"A Protegida: Laura incr\u00e9dula com v\u00eddeo de \u00d3scar a apreender droga &#8211; Novelas"},"content":{"rendered":"<p>Em \u00abA Protegida\u00bb, JD (Pedro Sousa) e Mariana (Matilde Reym\u00e3o) mostram a Laura (Alexandra Lencastre) as imagens das c\u00e2maras de vigil\u00e2ncia, que comprovam que \u00d3scar (Joaquim Horta) fica com a droga dos traficantes. JD explica que ele depois destr\u00f3i a droga e fica com o dinheiro da mesma para entregar a institui\u00e7\u00f5es. Mariana tamb\u00e9m j\u00e1 sabia daquela hist\u00f3ria. JD diz que ele faz aquilo, porque \u00e9 uma forma mais r\u00e1pida de combater o tr\u00e1fico.<\/p>\n","protected":false},"excerpt":{"rendered":"Em \u00abA Protegida\u00bb, JD (Pedro Sousa) e Mariana (Matilde Reym\u00e3o) mostram a Laura (Alexandra Lencastre) as imagens das&hellip;\n","protected":false},"author":2,"featured_media":115941,"comment_status":"","ping_status":"","sticky":false,"template":"","format":"standard","meta":{"footnotes":""},"categories":[142],"tags":[168,160,166,114,115,157,167,164,2931,161,158,165,159,32,33,156,163,151,162],"class_list":{"0":"post-115940","1":"post","2":"type-post","3":"status-publish","4":"format-standard","5":"has-post-thumbnail","7":"category-tv","8":"tag-a-protegida","9":"tag-ana-guiomar","10":"tag-cristina-ferreira","11":"tag-entertainment","12":"tag-entretenimento","13":"tag-festa-e-festa","14":"tag-ficcao","15":"tag-jose-fidalgo","16":"tag-novela","17":"tag-novelas","18":"tag-para-sempre","19":"tag-pedro-sousa","20":"tag-pedro-teixeira","21":"tag-portugal","22":"tag-pt","23":"tag-queridos-papas","24":"tag-tiago-teotonio-pereira","25":"tag-tv","26":"tag-tvi"},"share_on_mastodon":{"url":"","error":""},"_links":{"self":[{"href":"https:\/\/www.europesays.com\/pt\/wp-json\/wp\/v2\/posts\/115940","targetHints":{"allow":["GET"]}}],"collection":[{"href":"https:\/\/www.europesays.com\/pt\/wp-json\/wp\/v2\/posts"}],"about":[{"href":"https:\/\/www.europesays.com\/pt\/wp-json\/wp\/v2\/types\/post"}],"author":[{"embeddable":true,"href":"https:\/\/www.europesays.com\/pt\/wp-json\/wp\/v2\/users\/2"}],"replies":[{"embeddable":true,"href":"https:\/\/www.europesays.com\/pt\/wp-json\/wp\/v2\/comments?post=115940"}],"version-history":[{"count":0,"href":"https:\/\/www.europesays.com\/pt\/wp-json\/wp\/v2\/posts\/115940\/revisions"}],"wp:featuredmedia":[{"embeddable":true,"href":"https:\/\/www.europesays.com\/pt\/wp-json\/wp\/v2\/media\/115941"}],"wp:attachment":[{"href":"https:\/\/www.europesays.com\/pt\/wp-json\/wp\/v2\/media?parent=115940"}],"wp:term":[{"taxonomy":"category","embeddable":true,"href":"https:\/\/www.europesays.com\/pt\/wp-json\/wp\/v2\/categories?post=115940"},{"taxonomy":"post_tag","embeddable":true,"href":"https:\/\/www.europesays.com\/pt\/wp-json\/wp\/v2\/tags?post=115940"}],"curies":[{"name":"wp","href":"https:\/\/api.w.org\/{rel}","templated":true}]}}