{"id":115953,"date":"2025-10-18T13:51:33","date_gmt":"2025-10-18T13:51:33","guid":{"rendered":"https:\/\/www.europesays.com\/pt\/115953\/"},"modified":"2025-10-18T13:51:33","modified_gmt":"2025-10-18T13:51:33","slug":"igp-inaugura-espaco-de-leitura-para-servidores-no-crepec","status":"publish","type":"post","link":"https:\/\/www.europesays.com\/pt\/115953\/","title":{"rendered":"IGP inaugura Espa\u00e7o de Leitura para servidores no CREPEC"},"content":{"rendered":"<p>O Instituto-Geral de Per\u00edcias (IGP) inaugurou, na manh\u00e3 desta sexta-feira (17), o novo Espa\u00e7o de Leitura do \u00f3rg\u00e3o, localizado no sagu\u00e3o do 6\u00ba andar do Centro Regional de Per\u00edcias Cient\u00edficas (CREPEC), em Porto Alegre. O ambiente foi criado com o prop\u00f3sito de incentivar a leitura, promover momentos de bem-estar e valorizar a cultura no cotidiano institucional.<\/p>\n<p>O espa\u00e7o oferece aos servidores um local de reflex\u00e3o, voltado \u00e0 imers\u00e3o em obras liter\u00e1rias. A proposta \u00e9 transformar o h\u00e1bito da leitura em uma experi\u00eancia coletiva e acess\u00edvel dentro do ambiente de trabalho.<\/p>\n<p>A servidora Ana Mello, da Divis\u00e3o de Qu\u00edmica Forense e integrante da Comiss\u00e3o de Qualidade de Vida do Servidor, destacou que o Espa\u00e7o de Leitura Livre foi criado com o prop\u00f3sito de proporcionar momentos de lazer e reflex\u00e3o por meio da literatura.<\/p>\n<p>\u201cNeste ambiente acolhedor, todos os servidores poder\u00e3o ler, levar livros emprestados e tamb\u00e9m colaborar, trazendo obras que desejem compartilhar. Mais do que reconhecer que existem boas pr\u00e1ticas, \u00e9 essencial coloc\u00e1-las em a\u00e7\u00e3o. Valorizar a leitura e multiplicar esse h\u00e1bito no nosso local de trabalho \u00e9 uma forma concreta de promover bem-estar, conhecimento e conex\u00e3o entre colegas. Afinal, um livro pode ser o ponto de partida para grandes transforma\u00e7\u00f5es\u201d, afirmou.<\/p>\n<p>            <a class=\"custom-owl-control prev\" role=\"button\"><\/p>\n<p>            <\/a><br \/>\n            <a class=\"custom-owl-control next\" role=\"button\"><\/p>\n<p>            <\/a><\/p>\n<p>                            <a href=\"https:\/\/igp.rs.gov.br\/upload\/recortes\/202510\/17131434_29007_GDO.jpg\" title=\"Espa\u00e7o de Leitura Livre\" data-credito=\"Foto: Leonardo Ambrosio\/IGP\" data-urlamigavel=\"\/midia\/imagem\/17131434-2-jpg\" data-label-credito=\"Foto: \" rel=\"nofollow noopener\" target=\"_blank\"><br \/>\n                                    <img decoding=\"async\" class=\"img-responsive thumbnail\" alt=\"2\" src=\"https:\/\/www.europesays.com\/pt\/wp-content\/uploads\/2025\/10\/17131434_29007_TH.jpg\"\/><\/a><\/p>\n<p>                            <a href=\"https:\/\/igp.rs.gov.br\/upload\/recortes\/202510\/17131437_29018_GDO.jpg\" title=\"Espa\u00e7o de Leitura Livre\" data-credito=\"Foto: Leonardo Ambrosio\/IGP\" data-urlamigavel=\"\/midia\/imagem\/17131437-3-jpg\" data-label-credito=\"Foto: \" rel=\"nofollow noopener\" target=\"_blank\"><br \/>\n                                    <img decoding=\"async\" class=\"img-responsive thumbnail\" alt=\"3\" src=\"https:\/\/www.europesays.com\/pt\/wp-content\/uploads\/2025\/10\/17131437_29018_TH.jpg\"\/><\/a><\/p>\n","protected":false},"excerpt":{"rendered":"O Instituto-Geral de Per\u00edcias (IGP) inaugurou, na manh\u00e3 desta sexta-feira (17), o novo Espa\u00e7o de Leitura do \u00f3rg\u00e3o,&hellip;\n","protected":false},"author":2,"featured_media":115954,"comment_status":"","ping_status":"","sticky":false,"template":"","format":"standard","meta":{"footnotes":""},"categories":[143],"tags":[169,114,115,170,32,33],"class_list":{"0":"post-115953","1":"post","2":"type-post","3":"status-publish","4":"format-standard","5":"has-post-thumbnail","7":"category-livros","8":"tag-books","9":"tag-entertainment","10":"tag-entretenimento","11":"tag-livros","12":"tag-portugal","13":"tag-pt"},"share_on_mastodon":{"url":"","error":""},"_links":{"self":[{"href":"https:\/\/www.europesays.com\/pt\/wp-json\/wp\/v2\/posts\/115953","targetHints":{"allow":["GET"]}}],"collection":[{"href":"https:\/\/www.europesays.com\/pt\/wp-json\/wp\/v2\/posts"}],"about":[{"href":"https:\/\/www.europesays.com\/pt\/wp-json\/wp\/v2\/types\/post"}],"author":[{"embeddable":true,"href":"https:\/\/www.europesays.com\/pt\/wp-json\/wp\/v2\/users\/2"}],"replies":[{"embeddable":true,"href":"https:\/\/www.europesays.com\/pt\/wp-json\/wp\/v2\/comments?post=115953"}],"version-history":[{"count":0,"href":"https:\/\/www.europesays.com\/pt\/wp-json\/wp\/v2\/posts\/115953\/revisions"}],"wp:featuredmedia":[{"embeddable":true,"href":"https:\/\/www.europesays.com\/pt\/wp-json\/wp\/v2\/media\/115954"}],"wp:attachment":[{"href":"https:\/\/www.europesays.com\/pt\/wp-json\/wp\/v2\/media?parent=115953"}],"wp:term":[{"taxonomy":"category","embeddable":true,"href":"https:\/\/www.europesays.com\/pt\/wp-json\/wp\/v2\/categories?post=115953"},{"taxonomy":"post_tag","embeddable":true,"href":"https:\/\/www.europesays.com\/pt\/wp-json\/wp\/v2\/tags?post=115953"}],"curies":[{"name":"wp","href":"https:\/\/api.w.org\/{rel}","templated":true}]}}