{"id":115956,"date":"2025-10-18T13:53:08","date_gmt":"2025-10-18T13:53:08","guid":{"rendered":"https:\/\/www.europesays.com\/pt\/115956\/"},"modified":"2025-10-18T13:53:08","modified_gmt":"2025-10-18T13:53:08","slug":"antena-1-confirma-estreia-em-juiz-de-fora-mg-para-o-dia-1o-de-novembro","status":"publish","type":"post","link":"https:\/\/www.europesays.com\/pt\/115956\/","title":{"rendered":"Antena 1 confirma estreia em Juiz de Fora (MG) para o dia 1\u00ba de novembro"},"content":{"rendered":"<p>Atualizado &#8211; A rede <strong>Antena 1<\/strong>, de formato adulto-contempor\u00e2neo e liderada pela Antena 1 FM 94,7 de S\u00e3o Paulo,\u00a0segue em expans\u00e3o por Minas Gerais. A marca confirmou a chegada de sua nova afiliada em <strong>Juiz de Fora (MG)<\/strong>, cidade que receber\u00e1 a <strong>Antena 1 FM 91.3<\/strong>, em substitui\u00e7\u00e3o \u00e0 <strong>Transam\u00e9rica<\/strong>. A emissora dar\u00e1 in\u00edcio \u00e0 <strong>programa\u00e7\u00e3o de expectativa na pr\u00f3xima segunda-feira (20)<\/strong>, enquanto a <strong>estreia oficial est\u00e1 agendada para o dia 1\u00ba de novembro<\/strong>, quando passar\u00e1 a transmitir integralmente a programa\u00e7\u00e3o nacional da rede. Neste mesmo m\u00eas a Antena 1 ainda contar\u00e1 com uma <strong>estreia no Rio Grande do Sul e mudan\u00e7as de canais em afiliadas de Minas Gerais e Santa Catarina<\/strong>.<\/p>\n<p>De acordo com apura\u00e7\u00e3o do <strong>tudoradio.com<\/strong>, o contrato de afilia\u00e7\u00e3o foi firmado nesta semana. A estreia em <strong>Juiz de Fora<\/strong> refor\u00e7a a presen\u00e7a da <strong>Antena 1<\/strong> no estado, que j\u00e1 conta com opera\u00e7\u00e3o pr\u00f3pria em <strong>Belo Horizonte<\/strong>, atrav\u00e9s da <strong>Antena 1 FM 105.1<\/strong>, al\u00e9m da afiliada em <strong>Divin\u00f3polis (MG)<\/strong>.<\/p>\n<p>O <strong>Grupo Solar de Comunica\u00e7\u00e3o<\/strong> \u00e9 o respons\u00e1vel pela nova opera\u00e7\u00e3o em 91.3 FM. <strong><a href=\"https:\/\/tudoradio.com\/noticias\/ver\/25411-transamerica-estreia-hoje-em-juiz-de-fora-rede-passou-a-contabilizar-tres-afiliadas-em-minas-gerais\" rel=\"nofollow noopener\" target=\"_blank\">Desde 2021, a emissora atua como Transam\u00e9rica<\/a><\/strong>, rede que ser\u00e1 \u00a0desmobilizada at\u00e9 dezembro deste ano. O grupo mineiro tamb\u00e9m \u00e9 operador da <strong>R\u00e1dio Mix FM 88.9 de Juiz de Fora<\/strong>.<\/p>\n<p><strong>Mudan\u00e7a em Minas e Santa Catarina<\/strong><\/p>\n<p>Outra novidade envolvendo a rede em Minas Gerais ser\u00e1 a <strong>mudan\u00e7a de canal da Antena 1 FM 99.3 de Divin\u00f3polis<\/strong>, que passar\u00e1 a operar em <strong>104.1 FM<\/strong> a partir do <strong>dia 1\u00ba de novembro<\/strong>. A troca de frequ\u00eancia ocorrer\u00e1 em parceria com a <strong>R\u00e1dio Minas FM<\/strong>, emissora controlada pelo <strong>Sistema MPA de Comunica\u00e7\u00e3o<\/strong>. No ar desde janeiro de 2019, a afiliada de <strong>Divin\u00f3polis<\/strong> foi uma das primeiras expans\u00f5es da marca no interior mineiro e seguir\u00e1 integrando a rede nacional da <strong>Antena 1<\/strong> ap\u00f3s a mudan\u00e7a de canal.<\/p>\n<p>J\u00e1 a <strong>afiliada catarinense de Lages, a Antena 1 FM 103.1<\/strong>, no ar desde 2019. tamb\u00e9m mudar\u00e1 de canal em novembro. No pr\u00f3ximo dia 13 a emissora vai inverter canal com a atual Princesa FM 95.7, que s\u00e3o operadas pelo mesmo grupo, o RFC. <strong>Com isso, a regi\u00e3o serrana de Santa Catarina ser\u00e1 atendida pela Antena 1 FM 95.7<\/strong>.<\/p>\n<p><strong>Expans\u00e3o no Rio Grande do Sul<\/strong><\/p>\n<p>Anunciada em agosto,\u00a0<a href=\"https:\/\/tudoradio.com\/noticias\/ver\/33566-antena-1-confirma-afiliada-na-serra-gaucha-rede-fecha-parceria-com-o-grupo-rscom\" rel=\"nofollow noopener\" target=\"_blank\"><strong>a futura Antena 1 FM 98.1 de Bento Gon\u00e7alves\u00a0<\/strong><\/a>tem estreia prevista para novembro. A emissora, controlada pelo\u00a0<strong>Grupo RSCOM<\/strong>, ser\u00e1 respons\u00e1vel por levar o sinal da Antena 1 a cidades como\u00a0<strong>Caxias do Sul<\/strong>,\u00a0<strong>Farroupilha<\/strong>,\u00a0<strong>Garibaldi<\/strong>,\u00a0<strong>Carlos Barbosa<\/strong>, entre outras. A novidade refor\u00e7a a presen\u00e7a da rede em territ\u00f3rio ga\u00facho, que j\u00e1 conta com a emissora pr\u00f3pria\u00a0<strong>Antena 1 FM 89.3 de Porto Alegre<\/strong>\u00a0e afiliadas como a\u00a0<strong>Antena 1 FM 95.3 de Santa Maria e a Antena 1 FM 103.3 de Ros\u00e1rio do Sul<\/strong>.<\/p>\n<p><strong>Movimenta\u00e7\u00e3o na rede<\/strong><\/p>\n<p>A Antena 1 vem de uma unifica\u00e7\u00e3o de sua programa\u00e7\u00e3o atrav\u00e9s da parceira\u00a0<a href=\"https:\/\/tudoradio.com\/noticias\/ver\/33737-antena-1-do-rio-de-janeiro-e-integrada-oficialmente-a-rede-antena-1\" rel=\"nofollow noopener\" target=\"_blank\"><strong>Antena 1 FM 103.7 do Rio de Janeiro<\/strong><\/a>, que passou a integrar a grade nacional em setembro. Antes, ocorreram as estreias da\u00a0<a href=\"https:\/\/tudoradio.com\/noticias\/ver\/33385-com-goiania-e-fortaleza-antena-1-consolida-nova-etapa-de-expansao-em-sua-rede-nacional\" rel=\"nofollow noopener\" target=\"_blank\"><strong>Antena 1 FM 103.7 de Goi\u00e2nia<\/strong><\/a>\u00a0e da\u00a0<a href=\"https:\/\/tudoradio.com\/noticias\/ver\/33385-com-goiania-e-fortaleza-antena-1-consolida-nova-etapa-de-expansao-em-sua-rede-nacional\" rel=\"nofollow noopener\" target=\"_blank\"><strong>Antena 1 FM 97.7 de Fortaleza<\/strong><\/a>, em julho.<\/p>\n<p>Outra novidade na rede \u00e9\u00a0<a href=\"https:\/\/tudoradio.com\/noticias\/ver\/33769-antena-1-comemora-50-anos-com-campanha-que-destaca-vinculo-com-o-publico\" rel=\"nofollow noopener\" target=\"_blank\"><strong>o in\u00edcio das comemora\u00e7\u00f5es dos 50 anos da Antena 1<\/strong><\/a>, com a\u00e7\u00f5es especiais e uma campanha institucional j\u00e1 em andamento.<\/p>\n<p style=\"text-align:center\"><img decoding=\"async\" alt=\"\" src=\"https:\/\/www.europesays.com\/pt\/wp-content\/uploads\/2025\/10\/68f3718851df4.png\" style=\"height:300px; width:330px\" \/><\/p>\n<p>\n\t\t\t\tA reprodu\u00e7\u00e3o das not\u00edcias e das pautas \u00e9 autorizada desde que contenha a assinatura &#8216;tudoradio.com&#8217;<\/p>\n<p>&#13;<br \/>\n\t\t\t\tTags:&#13;<br \/>\n\t\t\t\tantena 1, juiz de fora, divin\u00f3polis, bento gon\u00e7alves, expans\u00e3o de rede, r\u00e1dio fm, grupo solar de comunica\u00e7\u00e3o, grupo rscom&#13;\n\t\t\t<\/p>\n","protected":false},"excerpt":{"rendered":"Atualizado &#8211; A rede Antena 1, de formato adulto-contempor\u00e2neo e liderada pela Antena 1 FM 94,7 de S\u00e3o&hellip;\n","protected":false},"author":2,"featured_media":115957,"comment_status":"","ping_status":"","sticky":false,"template":"","format":"standard","meta":{"footnotes":""},"categories":[141],"tags":[27186,20300,27188,114,115,27189,27191,27190,27187,149,150,32,33,26558],"class_list":{"0":"post-115956","1":"post","2":"type-post","3":"status-publish","4":"format-standard","5":"has-post-thumbnail","7":"category-musica","8":"tag-antena-1","9":"tag-bento-goncalves","10":"tag-divinopolis","11":"tag-entertainment","12":"tag-entretenimento","13":"tag-expansao-de-rede","14":"tag-grupo-rscom","15":"tag-grupo-solar-de-comunicacao","16":"tag-juiz-de-fora","17":"tag-music","18":"tag-musica","19":"tag-portugal","20":"tag-pt","21":"tag-radio-fm"},"share_on_mastodon":{"url":"","error":""},"_links":{"self":[{"href":"https:\/\/www.europesays.com\/pt\/wp-json\/wp\/v2\/posts\/115956","targetHints":{"allow":["GET"]}}],"collection":[{"href":"https:\/\/www.europesays.com\/pt\/wp-json\/wp\/v2\/posts"}],"about":[{"href":"https:\/\/www.europesays.com\/pt\/wp-json\/wp\/v2\/types\/post"}],"author":[{"embeddable":true,"href":"https:\/\/www.europesays.com\/pt\/wp-json\/wp\/v2\/users\/2"}],"replies":[{"embeddable":true,"href":"https:\/\/www.europesays.com\/pt\/wp-json\/wp\/v2\/comments?post=115956"}],"version-history":[{"count":0,"href":"https:\/\/www.europesays.com\/pt\/wp-json\/wp\/v2\/posts\/115956\/revisions"}],"wp:featuredmedia":[{"embeddable":true,"href":"https:\/\/www.europesays.com\/pt\/wp-json\/wp\/v2\/media\/115957"}],"wp:attachment":[{"href":"https:\/\/www.europesays.com\/pt\/wp-json\/wp\/v2\/media?parent=115956"}],"wp:term":[{"taxonomy":"category","embeddable":true,"href":"https:\/\/www.europesays.com\/pt\/wp-json\/wp\/v2\/categories?post=115956"},{"taxonomy":"post_tag","embeddable":true,"href":"https:\/\/www.europesays.com\/pt\/wp-json\/wp\/v2\/tags?post=115956"}],"curies":[{"name":"wp","href":"https:\/\/api.w.org\/{rel}","templated":true}]}}