{"id":115962,"date":"2025-10-18T14:01:07","date_gmt":"2025-10-18T14:01:07","guid":{"rendered":"https:\/\/www.europesays.com\/pt\/115962\/"},"modified":"2025-10-18T14:01:07","modified_gmt":"2025-10-18T14:01:07","slug":"roubam-mais-de-dez-mil-euros-a-padre-de-99-anos-em-braga-apos-burla-com-acidente","status":"publish","type":"post","link":"https:\/\/www.europesays.com\/pt\/115962\/","title":{"rendered":"Roubam mais de dez mil euros a padre de 99 anos em Braga ap\u00f3s burla com acidente"},"content":{"rendered":"<p>Segundo o sacerdote revelou este s\u00e1bado ao JN, o assalto foi cometido ao final da tarde de sexta-feira, por indiv\u00edduos que j\u00e1 o teriam burlado em dois mil euros, nesse mesmo dia, provocando um acidente de via\u00e7\u00e3o, na P\u00f3voa de Lanhoso. Nessa altura, o padre nonagen\u00e1rio foi convencido por um grupo de tr\u00eas indiv\u00edduos que tinha sido o o respons\u00e1vel pelo acidente, que causou somente danos materiais, exigindo-lhe logo dois mil euros para os &#8220;preju\u00edzos&#8221;.<\/p>\n<p data-remotead-prev-elm=\"true\" data-remotead-elm-id=\"inread\">A seguir foram atr\u00e1s do Padre Tobias, que n\u00e3o se apercebeu de estar a ser seguido, pela estrada municipal entre Galegos (P\u00f3voa de Lanhoso) e Pedralva (Braga), abordando-o quando entrava na Casa Paroquial de Pedralva, situada na Rua da Igreja. Exigiram-lhe ent\u00e3o 20 mil euros, mas como o padre recusou, roubaram-lhe dinheiro e objetos em valor superior a dez mil euros.<\/p>\n<p>A GNR do Sameiro deslocou-se ao local, para registar a ocorr\u00eancia, estando o caso no N\u00facleo de Investiga\u00e7\u00e3o Criminal do Destacamento da GNR de Braga, que est\u00e1 com o caso do trio de burl\u00f5es e de assaltantes, que se deslocavam num BMW preto.<\/p>\n<p data-remotead-prev-elm=\"true\" data-remotead-elm-id=\"centro1\">O primeiro assalto do qual foi v\u00edtima o Padre Tobias, tal como o JN ent\u00e3o noticiou, foi cometido h\u00e1 pouco mais de tr\u00eas anos, em agosto de 2022, quando, a prop\u00f3sito de o tentarem obrigar a comprar um faqueiro, lhe roubaram 400 euros.<\/p>\n<p>Nessa ocasi\u00e3o, ao final da manh\u00e3 de 11 de agosto de 2022, o padre Tobias \u00c1lvares da Silva ainda resistiu, mas foi agredido, tendo o assaltante sido detido nesse mesmo dia pela GNR da P\u00f3voa de Lanhoso.<\/p>\n<p data-remotead-prev-elm=\"true\" data-remotead-elm-id=\"centro2\">O padre Tobias \u00c1lvares da Silva, de 99 anos, \u00e9 o mais velho sacerdote cat\u00f3lico em exerc\u00edcio no mundo e continua a servir na par\u00f3quia de Pedralva, em Braga, onde est\u00e1 desde 1951, tendo sido homenageado aquando dos seus 75 anos de paroquialidade.<\/p>\n","protected":false},"excerpt":{"rendered":"Segundo o sacerdote revelou este s\u00e1bado ao JN, o assalto foi cometido ao final da tarde de sexta-feira,&hellip;\n","protected":false},"author":2,"featured_media":115963,"comment_status":"","ping_status":"","sticky":false,"template":"","format":"standard","meta":{"footnotes":""},"categories":[10],"tags":[2446,27,28,15,16,14,603,25,26,21,22,12,13,19,20,32,25736,23,24,33,17,18,29,30,31],"class_list":{"0":"post-115962","1":"post","2":"type-post","3":"status-publish","4":"format-standard","5":"has-post-thumbnail","7":"category-portugal","8":"tag-assalto","9":"tag-breaking-news","10":"tag-breakingnews","11":"tag-featured-news","12":"tag-featurednews","13":"tag-headlines","14":"tag-justica","15":"tag-latest-news","16":"tag-latestnews","17":"tag-main-news","18":"tag-mainnews","19":"tag-news","20":"tag-noticias","21":"tag-noticias-principais","22":"tag-noticiasprincipais","23":"tag-portugal","24":"tag-povoa-de-lanhoso","25":"tag-principais-noticias","26":"tag-principaisnoticias","27":"tag-pt","28":"tag-top-stories","29":"tag-topstories","30":"tag-ultimas","31":"tag-ultimas-noticias","32":"tag-ultimasnoticias"},"share_on_mastodon":{"url":"","error":""},"_links":{"self":[{"href":"https:\/\/www.europesays.com\/pt\/wp-json\/wp\/v2\/posts\/115962","targetHints":{"allow":["GET"]}}],"collection":[{"href":"https:\/\/www.europesays.com\/pt\/wp-json\/wp\/v2\/posts"}],"about":[{"href":"https:\/\/www.europesays.com\/pt\/wp-json\/wp\/v2\/types\/post"}],"author":[{"embeddable":true,"href":"https:\/\/www.europesays.com\/pt\/wp-json\/wp\/v2\/users\/2"}],"replies":[{"embeddable":true,"href":"https:\/\/www.europesays.com\/pt\/wp-json\/wp\/v2\/comments?post=115962"}],"version-history":[{"count":0,"href":"https:\/\/www.europesays.com\/pt\/wp-json\/wp\/v2\/posts\/115962\/revisions"}],"wp:featuredmedia":[{"embeddable":true,"href":"https:\/\/www.europesays.com\/pt\/wp-json\/wp\/v2\/media\/115963"}],"wp:attachment":[{"href":"https:\/\/www.europesays.com\/pt\/wp-json\/wp\/v2\/media?parent=115962"}],"wp:term":[{"taxonomy":"category","embeddable":true,"href":"https:\/\/www.europesays.com\/pt\/wp-json\/wp\/v2\/categories?post=115962"},{"taxonomy":"post_tag","embeddable":true,"href":"https:\/\/www.europesays.com\/pt\/wp-json\/wp\/v2\/tags?post=115962"}],"curies":[{"name":"wp","href":"https:\/\/api.w.org\/{rel}","templated":true}]}}