{"id":115964,"date":"2025-10-18T14:02:09","date_gmt":"2025-10-18T14:02:09","guid":{"rendered":"https:\/\/www.europesays.com\/pt\/115964\/"},"modified":"2025-10-18T14:02:09","modified_gmt":"2025-10-18T14:02:09","slug":"amnistia-internacional-condena-portugal-por-proibir-uso-de-burcas","status":"publish","type":"post","link":"https:\/\/www.europesays.com\/pt\/115964\/","title":{"rendered":"Amnistia Internacional condena Portugal por proibir uso de burcas"},"content":{"rendered":"<p>&#8220;A proposta \u00e9 discriminat\u00f3ria e viola os direitos humanos das mulheres que optam por usar um v\u00e9u para cobrir o rosto&#8221;, afirma a organiza\u00e7\u00e3o em comunicado.<\/p>\n<p data-remotead-prev-elm=\"true\" data-remotead-elm-id=\"inread\">O Parlamento portugu\u00eas aprovou na sexta-feira, na generalidade, o projeto de lei do partido Chega para proibir a utiliza\u00e7\u00e3o de burcas e outros v\u00e9us que ocultem o rosto em espa\u00e7os p\u00fablicos, invocando os direitos das mulheres e quest\u00f5es de seguran\u00e7a.<\/p>\n<p>Para a Amnistia, a aplica\u00e7\u00e3o desta medida tem tamb\u00e9m &#8220;implica\u00e7\u00f5es no direito \u00e0 privacidade, no direito \u00e0 liberdade de express\u00e3o e no direito \u00e0 liberdade de reuni\u00e3o e manifesta\u00e7\u00e3o pac\u00edficas&#8221;.<\/p>\n<p data-remotead-prev-elm=\"true\" data-remotead-elm-id=\"centro1\">Referindo ter s\u00e9rias d\u00favidas sobre a compatibilidade desta proibi\u00e7\u00e3o com as obriga\u00e7\u00f5es do pa\u00eds ao abrigo do direito internacional em mat\u00e9ria de direitos humanos, a Amnistia sublinha que &#8220;nenhum decisor pol\u00edtico deve ditar o que uma mulher pode ou n\u00e3o vestir&#8221;.<\/p>\n<p>Al\u00e9m disso, defendeu a organiza\u00e7\u00e3o, &#8220;nenhuma mulher deve ser punida por exercer a sua f\u00e9, identidade cultural ou cren\u00e7as&#8221;.<\/p>\n<p data-remotead-prev-elm=\"true\" data-remotead-elm-id=\"centro2\">Para a Amnistia Internacional, esta proibi\u00e7\u00e3o, &#8220;longe de defender os direitos das mulheres&#8221; viola &#8220;os direitos daquelas que optam por usar v\u00e9us que cobrem todo o rosto, ao mesmo tempo em que pouco contribuiria para proteger aquelas que o fazem contra a sua vontade, que correm o risco de maior exclus\u00e3o ou confinamento como resultado&#8221;.<\/p>\n<p>Embora reconhe\u00e7a que os v\u00e9us que cobrem o rosto, como as burcas e niqabs, podem colocar quest\u00f5es de seguran\u00e7a, a Amnistia Internacional sugere que as pessoas &#8220;podem ser obrigadas a revelar os seus rostos quando objetivamente seja necess\u00e1rio, por exemplo, para verifica\u00e7\u00f5es de identidade&#8221;, lembrando que isso j\u00e1 est\u00e1 previsto na lei portuguesa.<\/p>\n<p data-remotead-prev-elm=\"true\" data-remotead-elm-id=\"centro3\">A proibi\u00e7\u00e3o em Portugal do uso em espa\u00e7os p\u00fablicos de burcas e outros v\u00e9us que cubram o rosto das mulheres segue uma tend\u00eancia que foi adotada em mais de 20 pa\u00edses nos \u00faltimos anos, iniciada pela Fran\u00e7a em 2011.<\/p>\n<p>Estes pa\u00edses, entre os quais se incluem a Espanha, It\u00e1lia, B\u00e9lgica, Dinamarca, Pa\u00edses Baixos, entre outros, justificam comummente a decis\u00e3o com a necessidade de proteger os valores seculares, com o combate ao extremismo religioso ou com raz\u00f5es de seguran\u00e7a p\u00fablica.<\/p>\n","protected":false},"excerpt":{"rendered":"&#8220;A proposta \u00e9 discriminat\u00f3ria e viola os direitos humanos das mulheres que optam por usar um v\u00e9u para&hellip;\n","protected":false},"author":2,"featured_media":115965,"comment_status":"","ping_status":"","sticky":false,"template":"","format":"standard","meta":{"footnotes":""},"categories":[8],"tags":[27,28,26922,15,16,14,25,26,21,22,619,12,13,19,20,32,23,24,9759,33,17,18,29,30,31],"class_list":{"0":"post-115964","1":"post","2":"type-post","3":"status-publish","4":"format-standard","5":"has-post-thumbnail","7":"category-principais-noticias","8":"tag-breaking-news","9":"tag-breakingnews","10":"tag-burca","11":"tag-featured-news","12":"tag-featurednews","13":"tag-headlines","14":"tag-latest-news","15":"tag-latestnews","16":"tag-main-news","17":"tag-mainnews","18":"tag-nacional","19":"tag-news","20":"tag-noticias","21":"tag-noticias-principais","22":"tag-noticiasprincipais","23":"tag-portugal","24":"tag-principais-noticias","25":"tag-principaisnoticias","26":"tag-proibicao","27":"tag-pt","28":"tag-top-stories","29":"tag-topstories","30":"tag-ultimas","31":"tag-ultimas-noticias","32":"tag-ultimasnoticias"},"share_on_mastodon":{"url":"","error":""},"_links":{"self":[{"href":"https:\/\/www.europesays.com\/pt\/wp-json\/wp\/v2\/posts\/115964","targetHints":{"allow":["GET"]}}],"collection":[{"href":"https:\/\/www.europesays.com\/pt\/wp-json\/wp\/v2\/posts"}],"about":[{"href":"https:\/\/www.europesays.com\/pt\/wp-json\/wp\/v2\/types\/post"}],"author":[{"embeddable":true,"href":"https:\/\/www.europesays.com\/pt\/wp-json\/wp\/v2\/users\/2"}],"replies":[{"embeddable":true,"href":"https:\/\/www.europesays.com\/pt\/wp-json\/wp\/v2\/comments?post=115964"}],"version-history":[{"count":0,"href":"https:\/\/www.europesays.com\/pt\/wp-json\/wp\/v2\/posts\/115964\/revisions"}],"wp:featuredmedia":[{"embeddable":true,"href":"https:\/\/www.europesays.com\/pt\/wp-json\/wp\/v2\/media\/115965"}],"wp:attachment":[{"href":"https:\/\/www.europesays.com\/pt\/wp-json\/wp\/v2\/media?parent=115964"}],"wp:term":[{"taxonomy":"category","embeddable":true,"href":"https:\/\/www.europesays.com\/pt\/wp-json\/wp\/v2\/categories?post=115964"},{"taxonomy":"post_tag","embeddable":true,"href":"https:\/\/www.europesays.com\/pt\/wp-json\/wp\/v2\/tags?post=115964"}],"curies":[{"name":"wp","href":"https:\/\/api.w.org\/{rel}","templated":true}]}}